{"id":73968,"date":"2025-11-06T17:26:09","date_gmt":"2025-11-06T17:26:09","guid":{"rendered":"https:\/\/www.europesays.com\/se\/73968\/"},"modified":"2025-11-06T17:26:09","modified_gmt":"2025-11-06T17:26:09","slug":"forvaltarna-tror-pa-ai-vinnarna-men-ser-risker-i-tesla-krymper-placera-se","status":"publish","type":"post","link":"https:\/\/www.europesays.com\/se\/73968\/","title":{"rendered":"F\u00f6rvaltarna tror p\u00e5 AI-vinnarna \u2013 men ser risker i Tesla: &quot;Krymper&quot; &#8211; Placera.se"},"content":{"rendered":"<ol>\n<li><a href=\"https:\/\/news.google.com\/rss\/articles\/CBMiqAFBVV95cUxPYWhfdjVtdTVULVFYOFhPTHA5aDZtVUFBZkVmbmlpVll2VnZGbW1sTS10QUItZ01YTk5Ed1c4MFpFaTVUMldmS0NsMEtzQThZX1k2YS1aMDZobEJ4SVdfMC0yenRSNlRNTGZ5cUhDdVJSR28xdGNwT1VucFZuN25RR1NOZUZ5REYwYXJaUC1GdzJ6UGdKbDhIYzVDd2FBYkZ1WXZDdU9pNUE?oc=5\" target=\"_blank\" rel=\"nofollow noopener\">F\u00f6rvaltarna tror p\u00e5 AI-vinnarna \u2013 men ser risker i Tesla: &#8221;Krymper&#8221;<\/a>&nbsp;&nbsp;Placera.se<\/li>\n<li><a href=\"https:\/\/news.google.com\/rss\/articles\/CBMiuAFBVV95cUxNdTRMdGh4cUdmNTlvYlExSENUMThZMDFPYnpQaFZacUpTZ1dlelhQb09KUGNqUXBoRzB1UXR2a01sWkFiTGNMYmdwSjV4bF82dkRxN25IRFZEaVE1djBYX0p6eS1fUlFaMW1fNk81NE9IVG5xYlVsSm9xUFlNSmVRZHo0QnV2bGR5VDFSWVpjc1VYV1NRNzJTQUw4OXNCRDFkVmp5YmpDOWJFRWpoU1k5N21NLWlSSzdE?oc=5\" target=\"_blank\" rel=\"nofollow noopener\">Guide: Techj\u00e4ttarna hissas och dissas \u2013 h\u00e4r \u00e4r analytikernas favoriter<\/a>&nbsp;&nbsp;Privata Aff\u00e4rer<\/li>\n<li><a href=\"https:\/\/news.google.com\/rss\/articles\/CBMikgFBVV95cUxOTFNSSjNyQ2t3cDkyaW45RExORU5hWUdSTDlOWHVGRmxxWkw1U1JoWTdHT041a0l2bE9YMTF3WTJob2s5R0ZwWlR1bXhSZmltbTc1UnoxQmlsX0w4bDIzZ3JHRFFMeEN2VXNkMnExYnpaUHh6RXY0OElOUWRPcUJCNmlQdVlJVlM0bEVlbWNXdVNiUQ?oc=5\" target=\"_blank\" rel=\"nofollow noopener\">\u201dAI-t\u00e5get g\u00e5r fort \u2013 ingen vill dra i n\u00f6dbromsen\u201d<\/a>&nbsp;&nbsp;SVT Nyheter<\/li>\n<li><a href=\"https:\/\/news.google.com\/rss\/articles\/CBMilgFBVV95cUxNS19TX2loMWIyNHMyNnVTbG9MVGZ0Z1UtQUVyWmlrRnZBYV9YYVQ5RXh3b3p4U1NMMmxLZEJMbGRWSTlhRVRoVUlrV1ZRRlhWbHVNa3J3dy0wMkxMb19OcHdpRHJOY2FzWm5tY3VDUTNqVDBZbnVqczg3c3N0a1ZzclI2UzAyU1Z2NlFuc3ZIaWNEam0wMHc?oc=5\" target=\"_blank\" rel=\"nofollow noopener\">Tungt ras f\u00f6r Meta och biljonregn \u00f6ver Musk<\/a>&nbsp;&nbsp;SvD<\/li>\n<li><a href=\"https:\/\/news.google.com\/rss\/articles\/CBMie0FVX3lxTE41Rnl5Y09YVzQ1bXlVMUsyb3hteGZWd2N4OUJvRVZLWW1hY3h0ZWdOeDU4V2VUdkR3TEdJRFgydm10a014OGUxMFE5UXpmTUtWelF3NE9jZmhJWGFaLXk3blFGeFlNNjhQNGxMMHpnNEY3aF9yLWU4ZmtGcw?oc=5\" target=\"_blank\" rel=\"nofollow noopener\">M\u00e5ngmiljard\u00e4rerna har sin egen AI-guld\u00e5lder<\/a>&nbsp;&nbsp;Aftonbladet<\/li>\n<\/ol>\n","protected":false},"excerpt":{"rendered":"F\u00f6rvaltarna tror p\u00e5 AI-vinnarna \u2013 men ser risker i Tesla: &#8221;Krymper&#8221;&nbsp;&nbsp;Placera.se Guide: Techj\u00e4ttarna hissas och dissas \u2013 h\u00e4r&hellip;\n","protected":false},"author":2,"featured_media":73969,"comment_status":"","ping_status":"","sticky":false,"template":"","format":"standard","meta":{"footnotes":""},"categories":[65],"tags":[735,1567,6302,391,72,70,71,758,34,6128,31,33,6623,32,30,396],"class_list":{"0":"post-73968","1":"post","2":"type-post","3":"status-publish","4":"format-standard","5":"has-post-thumbnail","7":"category-ekonomi","8":"tag-microsoft","9":"tag-alphabet","10":"tag-amazon-com","11":"tag-apple","12":"tag-business","13":"tag-economy","14":"tag-ekonomi","15":"tag-nvidia","16":"tag-se","17":"tag-seb-teknologifond","18":"tag-svenska","19":"tag-sverige","20":"tag-swedbank-robur-globalfond-a","21":"tag-sweden","22":"tag-swedish","23":"tag-tesla"},"share_on_mastodon":{"url":"https:\/\/pubeurope.com\/@se\/115503928679434530","error":""},"_links":{"self":[{"href":"https:\/\/www.europesays.com\/se\/wp-json\/wp\/v2\/posts\/73968","targetHints":{"allow":["GET"]}}],"collection":[{"href":"https:\/\/www.europesays.com\/se\/wp-json\/wp\/v2\/posts"}],"about":[{"href":"https:\/\/www.europesays.com\/se\/wp-json\/wp\/v2\/types\/post"}],"author":[{"embeddable":true,"href":"https:\/\/www.europesays.com\/se\/wp-json\/wp\/v2\/users\/2"}],"replies":[{"embeddable":true,"href":"https:\/\/www.europesays.com\/se\/wp-json\/wp\/v2\/comments?post=73968"}],"version-history":[{"count":0,"href":"https:\/\/www.europesays.com\/se\/wp-json\/wp\/v2\/posts\/73968\/revisions"}],"wp:featuredmedia":[{"embeddable":true,"href":"https:\/\/www.europesays.com\/se\/wp-json\/wp\/v2\/media\/73969"}],"wp:attachment":[{"href":"https:\/\/www.europesays.com\/se\/wp-json\/wp\/v2\/media?parent=73968"}],"wp:term":[{"taxonomy":"category","embeddable":true,"href":"https:\/\/www.europesays.com\/se\/wp-json\/wp\/v2\/categories?post=73968"},{"taxonomy":"post_tag","embeddable":true,"href":"https:\/\/www.europesays.com\/se\/wp-json\/wp\/v2\/tags?post=73968"}],"curies":[{"name":"wp","href":"https:\/\/api.w.org\/{rel}","templated":true}]}}