{"id":73970,"date":"2025-11-06T17:27:13","date_gmt":"2025-11-06T17:27:13","guid":{"rendered":"https:\/\/www.europesays.com\/se\/73970\/"},"modified":"2025-11-06T17:27:13","modified_gmt":"2025-11-06T17:27:13","slug":"nytt-klimatmal-i-eu-med-lagre-ambition","status":"publish","type":"post","link":"https:\/\/www.europesays.com\/se\/73970\/","title":{"rendered":"Nytt klimatm\u00e5l i EU \u2013 med l\u00e4gre ambition"},"content":{"rendered":"<p>Danmarks klimatminister Lars Aagaard, som lett de dygnsl\u00e5nga f\u00f6rhandlingarna i Bryssel, \u00e4r visserligen n\u00f6jd.<\/p>\n<p>\u2013 Nu kan vi \u00e5ka till COP30 (i Brasilien) med en v\u00e4ldigt stark position och \u00e5terigen visa globalt ledarskap, s\u00e4ger Aagaard till kollegorna inne p\u00e5 m\u00f6tet.<\/p>\n<p>M\u00e5let att ha minskat utsl\u00e4ppen med 90 procent till 2040 f\u00f6rdes fram av EU-kommissionen i somras. H\u00e5rda diskussioner har dock p\u00e5g\u00e5tt om detaljerna i hur det ska g\u00e5 till.<\/p>\n<p>Just i detaljerna ligger ocks\u00e5 de urvattningar som gjorts av kommissionens mer ambiti\u00f6sa planer.<\/p>\n<p>\u201d\u00c5t b\u00e5da h\u00e5ll\u201d<\/p>\n<p>Klimat- och milj\u00f6minister Romina Pourmokhtari (L) v\u00e4ljer \u00e4nd\u00e5 att trycka p\u00e5 vikten av det verkligen blev ett bindande m\u00e5l p\u00e5 90 procent, snarare \u00e4n en l\u00e4gre siffra.<\/p>\n<p>\u2013 Det \u00e4r sj\u00e4lvklart s\u00e5 att eftergifter har getts \u00e5t b\u00e5da h\u00e5ll. Det \u00e4r m\u00e5nga l\u00e4nder som i b\u00f6rjan av f\u00f6rhandlingarna inte velat se ett 90-procentsm\u00e5l och det har varit en v\u00e4ldigt tydlig r\u00f6d linje fr\u00e5n Sveriges sida, s\u00e4ger hon till TT, SR Ekot och SVT efter m\u00f6tet.<\/p>\n<p>\u2013 Urvattningarna handlar snarare om hur det ska g\u00e5 till \u00e4n vilken m\u00e5lniv\u00e5 det handlar om. Vi har landat p\u00e5 en v\u00e4ldigt mycket b\u00e4ttre plats \u00e4n vad vi f\u00f6ruts\u00e5g n\u00e4r de h\u00e4r f\u00f6rhandlingarna b\u00f6rjade, betonar Pourmokhtari.<\/p>\n<p>Insatser utomlands<\/p>\n<p>I uppg\u00f6relsen ing\u00e5r bland annat \u00f6kad m\u00f6jlighet att r\u00e4kna in insatser som g\u00f6rs i l\u00e4nder utanf\u00f6r EU, med hj\u00e4lp av s\u00e5 kallade \u201dinternationella krediter\u201d.<\/p>\n<p>Dessutom skjuter man upp nya utsl\u00e4ppshandelssystemet ETS2, som ber\u00f6r transporter och byggnader, i ytterligare ett \u00e5r.<\/p>\n<p>Flera l\u00e4nder \u00e4r oroliga f\u00f6r att det ska medf\u00f6ra h\u00f6jda energi- och boendepriser och kraftigt f\u00f6rs\u00e4mra allm\u00e4nhetens inst\u00e4llning till klimat\u00e5tg\u00e4rder.<\/p>\n<p>Dubbel kritik<\/p>\n<p>Kritiken \u00e4r dock skarp och dubbel.<\/p>\n<p>Flera l\u00e4nder i fr\u00e4mst \u00f6stra och s\u00f6dra Europa vill att EU bromsar sina klimatambitioner \u00e4nnu mer. Ungern, Polen och Slovakien \u00e4r fortsatt emot den uppg\u00f6relse som nu n\u00e5tts. \u00c4ven Belgien, Bulgarien och \u00d6sterrike har inv\u00e4ndningar. <\/p>\n<p>V\u00e4rldsnaturfonden, WWF, anser f\u00f6r sin del att 90-procentsiffran inte h\u00e5ller n\u00e4r eftergifterna r\u00e4knas in.<\/p>\n<p>\u201dDen riktiga siffran kommer att vara l\u00e4gre \u00e4n 85 procent. EU borde f\u00f6reg\u00e5 med gott exempel, snarare \u00e4n med kryph\u00e5l\u201d, skriver Michael Sicaud-Clyet fr\u00e5n WWF i ett uttalande.<\/p>\n<p><img alt=\"Danmarks klimat- och energiminister Lars Aagaard har lett f\u00f6rhandlingar om EU:s klimatm\u00e5l till 2040. Arkivfoto.\" loading=\"lazy\" width=\"1920\" height=\"1200\" decoding=\"async\" data-nimg=\"1\" style=\"color:transparent;max-width:100%;width:100%\"   src=\"https:\/\/www.europesays.com\/se\/wp-content\/uploads\/2025\/11\/1BdyzROD53AbbPZ4GWaSS-gYdzjk-REGULAR.jpg\"\/>Danmarks klimat- och energiminister Lars Aagaard har lett f\u00f6rhandlingar om EU:s klimatm\u00e5l till 2040. Arkivfoto. Bild: Sebastian Elias Uth\/Scanpix\/TT <img alt=\"EU:s m\u00e5l f\u00f6r hur mycket utsl\u00e4ppen ska minska till och med \u00e5r 2030, 2040 och 2050 j\u00e4mf\u00f6rt med \u00e5r 1990.\" loading=\"lazy\" width=\"1920\" height=\"1200\" decoding=\"async\" data-nimg=\"1\" style=\"color:transparent;max-width:100%;width:100%\"   src=\"https:\/\/www.europesays.com\/se\/wp-content\/uploads\/2025\/11\/2nnl4Dfn0aeItYKgGdOGkMMS4W5g-REGULAR.jpg\"\/>EU:s m\u00e5l f\u00f6r hur mycket utsl\u00e4ppen ska minska till och med \u00e5r 2030, 2040 och 2050 j\u00e4mf\u00f6rt med \u00e5r 1990. Bild: Anders Humlebo\/TT Fakta: EU:s nya klimatm\u00e5l<\/p>\n<p>EU-l\u00e4nderna har efter ett extrainsatt milj\u00f6ministerm\u00f6te enats om sin syn p\u00e5 EU-kommissionens f\u00f6rslag om att EU totalt \u00e5r 2040 ska ha minskat sina utsl\u00e4pp med 90 procent, j\u00e4mf\u00f6rt med niv\u00e5n 1990.<\/p>\n<p>\u00c4ven EU-parlamentet beh\u00f6ver nu fastsl\u00e5 sin position innan slutliga kompromissf\u00f6rhandlingar kan inledas.<\/p>\n<p>Parallellt har EU-l\u00e4nderna slagit fast EU:s s\u00e5 kallade nationella klimatplan (NDC), som ska redovisas vid klimatm\u00f6tet COP30 i Brasilien. I praktiken inneb\u00e4r den att EU till 2035 str\u00e4var efter att minska sina utsl\u00e4pp med mellan 66,25 och 72,5 procent, j\u00e4mf\u00f6rt med 1990.<\/p>\n<p>EU har sedan tidigare fastslagit m\u00e5let att vara klimatneutralt till \u00e5r 2050.<\/p>\n","protected":false},"excerpt":{"rendered":"Danmarks klimatminister Lars Aagaard, som lett de dygnsl\u00e5nga f\u00f6rhandlingarna i Bryssel, \u00e4r visserligen n\u00f6jd. \u2013 Nu kan vi&hellip;\n","protected":false},"author":2,"featured_media":73971,"comment_status":"","ping_status":"","sticky":false,"template":"","format":"standard","meta":{"footnotes":""},"categories":[14],"tags":[22,23,26,27,17,21,24,25,28,29,15,16,18,34,31,33,32,30,19,20,51,52,53,54],"class_list":{"0":"post-73970","1":"post","2":"type-post","3":"status-publish","4":"format-standard","5":"has-post-thumbnail","7":"category-varlden","8":"tag-breaking-news","9":"tag-breakingnews","10":"tag-featured-news","11":"tag-featurednews","12":"tag-headlines","13":"tag-huvudnyheter","14":"tag-latest-news","15":"tag-latestnews","16":"tag-main-news","17":"tag-mainnews","18":"tag-news","19":"tag-nyheter","20":"tag-rubriker","21":"tag-se","22":"tag-svenska","23":"tag-sverige","24":"tag-sweden","25":"tag-swedish","26":"tag-top-stories","27":"tag-topstories","28":"tag-varlden","29":"tag-world","30":"tag-world-news","31":"tag-worldnews"},"share_on_mastodon":{"url":"https:\/\/pubeurope.com\/@se\/115503932690870688","error":""},"_links":{"self":[{"href":"https:\/\/www.europesays.com\/se\/wp-json\/wp\/v2\/posts\/73970","targetHints":{"allow":["GET"]}}],"collection":[{"href":"https:\/\/www.europesays.com\/se\/wp-json\/wp\/v2\/posts"}],"about":[{"href":"https:\/\/www.europesays.com\/se\/wp-json\/wp\/v2\/types\/post"}],"author":[{"embeddable":true,"href":"https:\/\/www.europesays.com\/se\/wp-json\/wp\/v2\/users\/2"}],"replies":[{"embeddable":true,"href":"https:\/\/www.europesays.com\/se\/wp-json\/wp\/v2\/comments?post=73970"}],"version-history":[{"count":0,"href":"https:\/\/www.europesays.com\/se\/wp-json\/wp\/v2\/posts\/73970\/revisions"}],"wp:featuredmedia":[{"embeddable":true,"href":"https:\/\/www.europesays.com\/se\/wp-json\/wp\/v2\/media\/73971"}],"wp:attachment":[{"href":"https:\/\/www.europesays.com\/se\/wp-json\/wp\/v2\/media?parent=73970"}],"wp:term":[{"taxonomy":"category","embeddable":true,"href":"https:\/\/www.europesays.com\/se\/wp-json\/wp\/v2\/categories?post=73970"},{"taxonomy":"post_tag","embeddable":true,"href":"https:\/\/www.europesays.com\/se\/wp-json\/wp\/v2\/tags?post=73970"}],"curies":[{"name":"wp","href":"https:\/\/api.w.org\/{rel}","templated":true}]}}