{"id":73981,"date":"2025-11-06T17:47:08","date_gmt":"2025-11-06T17:47:08","guid":{"rendered":"https:\/\/www.europesays.com\/se\/73981\/"},"modified":"2025-11-06T17:47:08","modified_gmt":"2025-11-06T17:47:08","slug":"succeback-forlanger-med-redhawks-svenskafans","status":"publish","type":"post","link":"https:\/\/www.europesays.com\/se\/73981\/","title":{"rendered":"Succ\u00e9back f\u00f6rl\u00e4nger med Redhawks &#8211; SvenskaFans"},"content":{"rendered":"<p>Den amerikanske backen Seth Barton stannar i Malm\u00f6. Det st\u00e5r nu klart att parterna har kommit \u00f6verens om ett nytt tv\u00e5\u00e5rskontrakt. <\/p>\n<p>Backen Seth Barton har till Malm\u00f6supportrarnas gl\u00e4dje varit ett utropstecken denna s\u00e4song. 26-\u00e5ringen kom fr\u00e5n spel i finl\u00e4ndska KooKoo och har vuxit ut till ett rej\u00e4lt fynd av sportchef Oscar Alsenfelt, som kommenterar f\u00f6rl\u00e4ngningen i ett <a target=\"_blank\" href=\"https:\/\/www.malmoredhawks.com\/article\/04rat57-33nad\/view\" rel=\"nofollow noopener\">pressmeddelande: <\/a><\/p>\n<p>\u2013 Seth vill hela tiden bli b\u00e4ttre och har kommit in i gruppen p\u00e5 ett bra s\u00e4tt. Han har ocks\u00e5 visat att han kan spela m\u00e5nga minuter och spela alla former och bidra b\u00e5de offensivt och defensivt. Vi \u00e4r v\u00e4ldigt glada att Seth har valt att stanna i Redhawks i ytterligare tv\u00e5 \u00e5r efter denna s\u00e4song, s\u00e4ger Oscar Alsenfelt. <\/p>\n<p>Huvudpersonen sj\u00e4lv, som har gjort 0+2 p\u00e5 12 matcher, s\u00e4ger s\u00e5 h\u00e4r om valet att f\u00f6rl\u00e4nga med Malm\u00f6: <\/p>\n<p>\u2013 Det finns en stark grund av spelare h\u00e4r och stor m\u00f6jlighet att utvecklas. Potential g\u00f6r det v\u00e4ldigt givande att vara en del av laget. Tr\u00e4narna och ledningen s\u00e4tter en h\u00f6g standard som g\u00f6r att man vill komma till ishallen varje dag och bli b\u00e4ttre. Det \u00e4r sp\u00e4nnande att vara tillsammans med lagkamrater som vill bygga ett topplag, och sj\u00e4lvklart fansen, som f\u00e5r varje match att k\u00e4nnas som en stor match, s\u00e4ger Seth Barton. <\/p>\n<p>Det nya kontraktet str\u00e4cker sig till och med s\u00e4songen 2027-2028. <\/p>\n","protected":false},"excerpt":{"rendered":"Den amerikanske backen Seth Barton stannar i Malm\u00f6. Det st\u00e5r nu klart att parterna har kommit \u00f6verens om&hellip;\n","protected":false},"author":2,"featured_media":73982,"comment_status":"","ping_status":"","sticky":false,"template":"","format":"standard","meta":{"footnotes":""},"categories":[68],"tags":[159,158,157,138,156,165,164,140,34,160,162,111,110,31,161,33,32,30,163],"class_list":{"0":"post-73981","1":"post","2":"type-post","3":"status-publish","4":"format-standard","5":"has-post-thumbnail","7":"category-sport","8":"tag-allsvenskan","9":"tag-fans","10":"tag-fantv","11":"tag-fotboll","12":"tag-hockey","13":"tag-matcher","14":"tag-matchprogram","15":"tag-premier-league","16":"tag-se","17":"tag-serie-a","18":"tag-spelschema","19":"tag-sport","20":"tag-sports","21":"tag-svenska","22":"tag-svenskafans","23":"tag-sverige","24":"tag-sweden","25":"tag-swedish","26":"tag-tabeller"},"share_on_mastodon":{"url":"https:\/\/pubeurope.com\/@se\/115504011300184676","error":""},"_links":{"self":[{"href":"https:\/\/www.europesays.com\/se\/wp-json\/wp\/v2\/posts\/73981","targetHints":{"allow":["GET"]}}],"collection":[{"href":"https:\/\/www.europesays.com\/se\/wp-json\/wp\/v2\/posts"}],"about":[{"href":"https:\/\/www.europesays.com\/se\/wp-json\/wp\/v2\/types\/post"}],"author":[{"embeddable":true,"href":"https:\/\/www.europesays.com\/se\/wp-json\/wp\/v2\/users\/2"}],"replies":[{"embeddable":true,"href":"https:\/\/www.europesays.com\/se\/wp-json\/wp\/v2\/comments?post=73981"}],"version-history":[{"count":0,"href":"https:\/\/www.europesays.com\/se\/wp-json\/wp\/v2\/posts\/73981\/revisions"}],"wp:featuredmedia":[{"embeddable":true,"href":"https:\/\/www.europesays.com\/se\/wp-json\/wp\/v2\/media\/73982"}],"wp:attachment":[{"href":"https:\/\/www.europesays.com\/se\/wp-json\/wp\/v2\/media?parent=73981"}],"wp:term":[{"taxonomy":"category","embeddable":true,"href":"https:\/\/www.europesays.com\/se\/wp-json\/wp\/v2\/categories?post=73981"},{"taxonomy":"post_tag","embeddable":true,"href":"https:\/\/www.europesays.com\/se\/wp-json\/wp\/v2\/tags?post=73981"}],"curies":[{"name":"wp","href":"https:\/\/api.w.org\/{rel}","templated":true}]}}