{"id":74028,"date":"2025-11-06T18:48:18","date_gmt":"2025-11-06T18:48:18","guid":{"rendered":"https:\/\/www.europesays.com\/se\/74028\/"},"modified":"2025-11-06T18:48:18","modified_gmt":"2025-11-06T18:48:18","slug":"larm-om-dronare-vid-landvetters-flygplats-i-sverige-utrikes","status":"publish","type":"post","link":"https:\/\/www.europesays.com\/se\/74028\/","title":{"rendered":"Larm om dr\u00f6nare vid Landvetters flygplats i Sverige | Utrikes"},"content":{"rendered":"<p class=\"aw-1gybjub aw-5vja16 kEtdKx kmuxyA yle__article__paragraph\">Flygtrafiken har stoppats tills vidare.<\/p>\n<p><img decoding=\"async\" alt=\"En karta med Landvetter utm\u00e4rkt.\" src=\"https:\/\/www.europesays.com\/se\/wp-content\/uploads\/2025\/11\/39-1550092690cde150fbf2.jpeg\" class=\"aw-1l9m598 hKVVvP\"\/><\/p>\n<p>\u00d6ppna bildvisare<\/p>\n<p>Det \u00e4r oklart n\u00e4r flygtrafiken kan \u00e5terupptas Bild: Quick map-toolLyssna (du h\u00f6r en artificiell r\u00f6st) 1:14<\/p>\n<p class=\"aw-1gybjub aw-1p7kakr kEtdKx cEmitX yle__article__paragraph\">Dr\u00f6nare har observerats vid Landvetters flygplats i G\u00f6teborg, Sverige.<\/p>\n<p class=\"aw-1gybjub aw-1p7kakr kEtdKx cEmitX yle__article__paragraph\">Det uppger det svenska Luftfartsverkets pressansvarige <strong class=\"aw-ak79eh KyCXm yle__article__strong\">Bj\u00f6rn Stav\u00e5s<\/strong>, som s\u00e4ger att han i nul\u00e4get inte har information om hur m\u00e5nga dr\u00f6nare det r\u00f6r sig om.<\/p>\n<p class=\"aw-1gybjub aw-1p7kakr kEtdKx cEmitX yle__article__paragraph\">Flygtrafiken \u00e4r f\u00f6r tillf\u00e4llet avbruten, enligt honom, och det \u00e4r just nu oklart n\u00e4r den \u00e5terupptas.<\/p>\n<p class=\"aw-1gybjub aw-1p7kakr kEtdKx cEmitX yle__article__paragraph\">\u2013 Man stoppar trafiken och informerar de som \u00e4r i luften om vad som har rapporterats, s\u00e4ger Stav\u00e5s.<\/p>\n<p class=\"aw-1gybjub aw-1p7kakr kEtdKx cEmitX yle__article__paragraph\">Enligt Swedavia, som driver Landvetters flygplats, har \u00e5tminstone tv\u00e5 flyg, ett fr\u00e5n M\u00fcnchen och ett fr\u00e5n Frankfurt, dirigerats om.<\/p>\n<p class=\"aw-1gybjub aw-1p7kakr kEtdKx cEmitX yle__article__paragraph\">Polisen \u00e4r p\u00e5 plats vid flygplatsen f\u00f6r att kontrollera och verifiera uppgifterna. Enligt en person som tidningen <a class=\"aw-iao6s4 iHOxEa yle__article__link\" href=\"https:\/\/www.aftonbladet.se\/nyheter\/a\/eMl5Wa\/dronare-pa-landvetter\" role=\"link\" rel=\"nofollow noopener\" target=\"_blank\">Aftonbladet<\/a> talat med har dr\u00f6naren f\u00e5ngats p\u00e5 bild.<\/p>\n<p class=\"aw-1gybjub aw-1p7kakr kEtdKx cEmitX yle__article__paragraph\">Swedavia bekr\u00e4ftar i ett mejl till tidningen att luftrummet \u00e4r st\u00e4ngt.<\/p>\n<p class=\"aw-1gybjub aw-1p7kakr kEtdKx cEmitX yle__article__paragraph\">Under veckan har \u00e4ven andra europeiska flygplatser haft avbrott i driften p\u00e5 grund av dr\u00f6narlarm.<\/p>\n<p class=\"aw-1gybjub aw-1p7kakr kEtdKx cEmitX yle__article__paragraph\">I tisdags st\u00e4ngde flygplatserna i Bryssel och Li\u00e8ge ner, och under onsdagen siktades dr\u00f6nare \u00f6ver flygplatsen i Hannover i Tyskland.<\/p>\n<p class=\"aw-1gybjub aw-1p7kakr kEtdKx cEmitX yle__article__paragraph\">Artikeln uppdateras.<\/p>\n","protected":false},"excerpt":{"rendered":"Flygtrafiken har stoppats tills vidare. \u00d6ppna bildvisare Det \u00e4r oklart n\u00e4r flygtrafiken kan \u00e5terupptas Bild: Quick map-toolLyssna (du&hellip;\n","protected":false},"author":2,"featured_media":74029,"comment_status":"","ping_status":"","sticky":false,"template":"","format":"standard","meta":{"footnotes":""},"categories":[5],"tags":[22,23,3505,4122,26,27,6626,2431,1083,17,21,24,25,4123,2820,28,29,15,16,18,34,31,33,32,30,19,20,237],"class_list":{"0":"post-74028","1":"post","2":"type-post","3":"status-publish","4":"format-standard","5":"has-post-thumbnail","7":"category-rubriker","8":"tag-breaking-news","9":"tag-breakingnews","10":"tag-dronare","11":"tag-dronare-obemannad-luftfarkost","12":"tag-featured-news","13":"tag-featurednews","14":"tag-flygplatser","15":"tag-flygtrafik","16":"tag-goteborg","17":"tag-headlines","18":"tag-huvudnyheter","19":"tag-latest-news","20":"tag-latestnews","21":"tag-luftfarkoster","22":"tag-luftfart","23":"tag-main-news","24":"tag-mainnews","25":"tag-news","26":"tag-nyheter","27":"tag-rubriker","28":"tag-se","29":"tag-svenska","30":"tag-sverige","31":"tag-sweden","32":"tag-swedish","33":"tag-top-stories","34":"tag-topstories","35":"tag-utrikes"},"share_on_mastodon":{"url":"https:\/\/pubeurope.com\/@se\/115504251217293330","error":""},"_links":{"self":[{"href":"https:\/\/www.europesays.com\/se\/wp-json\/wp\/v2\/posts\/74028","targetHints":{"allow":["GET"]}}],"collection":[{"href":"https:\/\/www.europesays.com\/se\/wp-json\/wp\/v2\/posts"}],"about":[{"href":"https:\/\/www.europesays.com\/se\/wp-json\/wp\/v2\/types\/post"}],"author":[{"embeddable":true,"href":"https:\/\/www.europesays.com\/se\/wp-json\/wp\/v2\/users\/2"}],"replies":[{"embeddable":true,"href":"https:\/\/www.europesays.com\/se\/wp-json\/wp\/v2\/comments?post=74028"}],"version-history":[{"count":0,"href":"https:\/\/www.europesays.com\/se\/wp-json\/wp\/v2\/posts\/74028\/revisions"}],"wp:featuredmedia":[{"embeddable":true,"href":"https:\/\/www.europesays.com\/se\/wp-json\/wp\/v2\/media\/74029"}],"wp:attachment":[{"href":"https:\/\/www.europesays.com\/se\/wp-json\/wp\/v2\/media?parent=74028"}],"wp:term":[{"taxonomy":"category","embeddable":true,"href":"https:\/\/www.europesays.com\/se\/wp-json\/wp\/v2\/categories?post=74028"},{"taxonomy":"post_tag","embeddable":true,"href":"https:\/\/www.europesays.com\/se\/wp-json\/wp\/v2\/tags?post=74028"}],"curies":[{"name":"wp","href":"https:\/\/api.w.org\/{rel}","templated":true}]}}