{"id":74030,"date":"2025-11-06T18:50:10","date_gmt":"2025-11-06T18:50:10","guid":{"rendered":"https:\/\/www.europesays.com\/se\/74030\/"},"modified":"2025-11-06T18:50:10","modified_gmt":"2025-11-06T18:50:10","slug":"gustav-lundgren-till-landslaget-da-jublar-bk-hacken-en-saga","status":"publish","type":"post","link":"https:\/\/www.europesays.com\/se\/74030\/","title":{"rendered":"Gustav Lundgren till landslaget \u2013 d\u00e5 jublar BK H\u00e4cken: \u201dEn saga\u201d"},"content":{"rendered":"<p>Publicerad 5 nov 2025 kl 23.25Uppdaterad 6 nov kl 16.18<\/p>\n<p>PremiumGustav Lundgren, 30, \u00e4r uttagen i landslaget.<\/p>\n<p>Det leder till jubel \u2013 hos Gais rivaler.<\/p>\n<p>\u2013 Den typen av sagor st\u00e4rker tron p\u00e5 att det g\u00e5r att ta andra v\u00e4gar in i elitfotbollen, s\u00e4ger BK H\u00e4ckens tr\u00e4nare Jens Gustafsson.<\/p>\n<p><img   alt=\"\"\/><\/p>\n<p>Gustav Lundgren.<\/p>\n<p>Foto: MATHIAS BERGELD \/ BILDBYR\u00c5N<\/p>\n<p>\u00d6ppna bild i helsk\u00e4rm<img loading=\"lazy\"   alt=\"\"\/><\/p>\n<p>BK H\u00e4ckens tr\u00e4nare Jens Gustafsson.<\/p>\n<p>Foto: MATHIAS BERGELD \/ BILDBYR\u00c5N<\/p>\n<p>\u00d6ppna bild i helsk\u00e4rm<\/p>\n","protected":false},"excerpt":{"rendered":"Publicerad 5 nov 2025 kl 23.25Uppdaterad 6 nov kl 16.18 PremiumGustav Lundgren, 30, \u00e4r uttagen i landslaget. Det&hellip;\n","protected":false},"author":2,"featured_media":74031,"comment_status":"","ping_status":"","sticky":false,"template":"","format":"standard","meta":{"footnotes":""},"categories":[68],"tags":[555,227,665,1336,103,34,130,129,111,110,31,33,32,30],"class_list":{"0":"post-74030","1":"post","2":"type-post","3":"status-publish","4":"format-standard","5":"has-post-thumbnail","7":"category-sport","8":"tag-organization-allsvenskan","9":"tag-organization-bk-hacken","10":"tag-organization-gais","11":"tag-organization-sveriges-herrlandslag-i-fotboll","12":"tag-premium","13":"tag-se","14":"tag-sections-allsvenskan","15":"tag-sections-fotboll","16":"tag-sport","17":"tag-sports","18":"tag-svenska","19":"tag-sverige","20":"tag-sweden","21":"tag-swedish"},"share_on_mastodon":{"url":"https:\/\/pubeurope.com\/@se\/115504258961942835","error":""},"_links":{"self":[{"href":"https:\/\/www.europesays.com\/se\/wp-json\/wp\/v2\/posts\/74030","targetHints":{"allow":["GET"]}}],"collection":[{"href":"https:\/\/www.europesays.com\/se\/wp-json\/wp\/v2\/posts"}],"about":[{"href":"https:\/\/www.europesays.com\/se\/wp-json\/wp\/v2\/types\/post"}],"author":[{"embeddable":true,"href":"https:\/\/www.europesays.com\/se\/wp-json\/wp\/v2\/users\/2"}],"replies":[{"embeddable":true,"href":"https:\/\/www.europesays.com\/se\/wp-json\/wp\/v2\/comments?post=74030"}],"version-history":[{"count":0,"href":"https:\/\/www.europesays.com\/se\/wp-json\/wp\/v2\/posts\/74030\/revisions"}],"wp:featuredmedia":[{"embeddable":true,"href":"https:\/\/www.europesays.com\/se\/wp-json\/wp\/v2\/media\/74031"}],"wp:attachment":[{"href":"https:\/\/www.europesays.com\/se\/wp-json\/wp\/v2\/media?parent=74030"}],"wp:term":[{"taxonomy":"category","embeddable":true,"href":"https:\/\/www.europesays.com\/se\/wp-json\/wp\/v2\/categories?post=74030"},{"taxonomy":"post_tag","embeddable":true,"href":"https:\/\/www.europesays.com\/se\/wp-json\/wp\/v2\/tags?post=74030"}],"curies":[{"name":"wp","href":"https:\/\/api.w.org\/{rel}","templated":true}]}}