{"id":74043,"date":"2025-11-06T19:12:09","date_gmt":"2025-11-06T19:12:09","guid":{"rendered":"https:\/\/www.europesays.com\/se\/74043\/"},"modified":"2025-11-06T19:12:09","modified_gmt":"2025-11-06T19:12:09","slug":"nya-nationella-rad-for-gravida-sa-ska-bilbaltet-sitta","status":"publish","type":"post","link":"https:\/\/www.europesays.com\/se\/74043\/","title":{"rendered":"Nya nationella r\u00e5d f\u00f6r gravida: S\u00e5 ska bilb\u00e4ltet sitta"},"content":{"rendered":"<p>Publicerad 6 nov 2025 kl 18.00<\/p>\n<p>N\u00e4stan h\u00e4lften av alla gravida g\u00f6r fel n\u00e4r de sp\u00e4nner fast sig.<\/p>\n<p>Nu finns nya r\u00e5d f\u00f6r hur bilb\u00e4ltet ska sitta \u2013 och vilka produkter man ska h\u00e5lla sig borta fr\u00e5n.<\/p>\n<p>Senaste nyhetsklippen fr\u00e5n Expressen.<img   alt=\"\"\/><\/p>\n<p>Fyra av tio gravida anv\u00e4nder bilb\u00e4ltet p\u00e5 fel s\u00e4tt.<\/p>\n<p>Foto: New Africa \/ Shutterstock<\/p>\n<p>\u00d6ppna bild i helsk\u00e4rm<\/p>\n<p>I Sverige \u00e4r det lag p\u00e5 att anv\u00e4nda bilb\u00e4lte och f\u00f6r att det ska ge effektivt skydd beh\u00f6ver det sitta r\u00e4tt. D\u00e5 minskar det risken att d\u00f6das eller skadas sv\u00e5rt vid en bilkrock med 40-50 procent, enligt <a href=\"https:\/\/www.expressen.se\/tagg\/organization\/trafikverket\/\" class=\"\" rel=\"nofollow noopener\" target=\"_blank\">Trafikverket<\/a>.<\/p>\n<p>En studie fr\u00e5n Chalmers visar att fyra av tio gravida anv\u00e4nder bilb\u00e4ltet fel. Nationella trafiks\u00e4kerhetsf\u00f6rbundet har d\u00e4rf\u00f6r, tillsammans med forskare, tagit fram nya nationella rekommendationer. D\u00e4r beskrivs steg f\u00f6r steg hur b\u00e4ltet ska placeras s\u00e5 att det sitter ordentligt under magen och r\u00e4tt \u00f6ver br\u00f6stet.<\/p>\n<p><img loading=\"lazy\"   alt=\"\"\/><\/p>\n<p>I de nya r\u00e5den ing\u00e5r hur bilb\u00e4ltet ska s\u00e4ttas p\u00e5 steg f\u00f6r steg.<\/p>\n<p>Illustration: NTF<\/p>\n<p>\u00d6ppna bild i helsk\u00e4rmExperten: Undvik det h\u00e4r<\/p>\n<p>De nya r\u00e5den avr\u00e5der gravida fr\u00e5n att anv\u00e4nda extra tillbeh\u00f6r och komfortprodukter.<\/p>\n<p>\u2013 Det finns inget krav p\u00e5 krocktester f\u00f6r dem och det \u00e4r d\u00e4rf\u00f6r sv\u00e5rt att veta hur de p\u00e5verkar bilb\u00e4ltets funktion vid en eventuell kollision. Bilens eget b\u00e4lte \u00e4r det s\u00e4kraste, s\u00e4ger Malin Lundgren p\u00e5 <a href=\"https:\/\/ntf.se\/nyheter\/2025\/ny-nationell-rekommendation-om-baltesanvandning-under-graviditet\/\" rel=\"nofollow noopener\" target=\"_blank\">NTF<\/a>.<\/p>\n<p>Tidigare har det funnits spridda bud kring hur gravida ska anv\u00e4nda s\u00e4kerhetsb\u00e4ltet, vilket har skapat os\u00e4kerhet. Med den nya rekommendationen hoppas Nationella trafiks\u00e4kerhetsf\u00f6rbundet att r\u00e5den ska kunna spridas av fler akt\u00f6rer till fler personer, genom exempelvis m\u00f6drav\u00e5rdscentraler.<\/p>\n","protected":false},"excerpt":{"rendered":"Publicerad 6 nov 2025 kl 18.00 N\u00e4stan h\u00e4lften av alla gravida g\u00f6r fel n\u00e4r de sp\u00e4nner fast sig.&hellip;\n","protected":false},"author":2,"featured_media":74044,"comment_status":"","ping_status":"","sticky":false,"template":"","format":"standard","meta":{"footnotes":""},"categories":[5],"tags":[22,23,26,27,17,21,24,25,28,29,15,16,3312,6627,18,34,154,31,33,32,30,19,687,435,20],"class_list":{"0":"post-74043","1":"post","2":"type-post","3":"status-publish","4":"format-standard","5":"has-post-thumbnail","7":"category-rubriker","8":"tag-breaking-news","9":"tag-breakingnews","10":"tag-featured-news","11":"tag-featurednews","12":"tag-headlines","13":"tag-huvudnyheter","14":"tag-latest-news","15":"tag-latestnews","16":"tag-main-news","17":"tag-mainnews","18":"tag-news","19":"tag-nyheter","20":"tag-organization-chalmers","21":"tag-organization-trafikverket","22":"tag-rubriker","23":"tag-se","24":"tag-sections-sverige","25":"tag-svenska","26":"tag-sverige","27":"tag-sweden","28":"tag-swedish","29":"tag-top-stories","30":"tag-topic-graviditet","31":"tag-topic-trafik","32":"tag-topstories"},"share_on_mastodon":{"url":"https:\/\/pubeurope.com\/@se\/115504345603092796","error":""},"_links":{"self":[{"href":"https:\/\/www.europesays.com\/se\/wp-json\/wp\/v2\/posts\/74043","targetHints":{"allow":["GET"]}}],"collection":[{"href":"https:\/\/www.europesays.com\/se\/wp-json\/wp\/v2\/posts"}],"about":[{"href":"https:\/\/www.europesays.com\/se\/wp-json\/wp\/v2\/types\/post"}],"author":[{"embeddable":true,"href":"https:\/\/www.europesays.com\/se\/wp-json\/wp\/v2\/users\/2"}],"replies":[{"embeddable":true,"href":"https:\/\/www.europesays.com\/se\/wp-json\/wp\/v2\/comments?post=74043"}],"version-history":[{"count":0,"href":"https:\/\/www.europesays.com\/se\/wp-json\/wp\/v2\/posts\/74043\/revisions"}],"wp:featuredmedia":[{"embeddable":true,"href":"https:\/\/www.europesays.com\/se\/wp-json\/wp\/v2\/media\/74044"}],"wp:attachment":[{"href":"https:\/\/www.europesays.com\/se\/wp-json\/wp\/v2\/media?parent=74043"}],"wp:term":[{"taxonomy":"category","embeddable":true,"href":"https:\/\/www.europesays.com\/se\/wp-json\/wp\/v2\/categories?post=74043"},{"taxonomy":"post_tag","embeddable":true,"href":"https:\/\/www.europesays.com\/se\/wp-json\/wp\/v2\/tags?post=74043"}],"curies":[{"name":"wp","href":"https:\/\/api.w.org\/{rel}","templated":true}]}}