{"id":74047,"date":"2025-11-06T19:19:18","date_gmt":"2025-11-06T19:19:18","guid":{"rendered":"https:\/\/www.europesays.com\/se\/74047\/"},"modified":"2025-11-06T19:19:18","modified_gmt":"2025-11-06T19:19:18","slug":"itino-hyrs-in-for-fryksdalsbanan-jarnvagar-nu","status":"publish","type":"post","link":"https:\/\/www.europesays.com\/se\/74047\/","title":{"rendered":"Itino hyrs in f\u00f6r Fryksdalsbanan \u2013 J\u00e4rnv\u00e4gar.nu"},"content":{"rendered":"<p style=\"font-weight: 400;\">Motorvagnen, Y31 1429, var kvar i Ume\u00e5 till januari 2023 d\u00e5 den k\u00f6rdes till Sm\u00e5land och under en tid anv\u00e4ndes i Kr\u00f6sat\u00e5gstrafiken. D\u00e4refter gjorde den ett kort g\u00e4stspel i V\u00e4rmland innan den var tillbaka i Sm\u00e5land. I januari 2025 skickades den till Norge p\u00e5 tungt underh\u00e5ll men sedan den \u00e5terv\u00e4nde till Sverige har st\u00e5tt oanv\u00e4nd i N\u00e4ssj\u00f6.<\/p>\n<p>Treparts\u00f6verenskommelse<\/p>\n<p style=\"font-weight: 400;\">Nu har Transitio, Region V\u00e4sterbotten och Region V\u00e4rmland kommit \u00f6verens om att region V\u00e4rmland f\u00e5r hyra motorvagnen i andra hand, en s\u00e5 kallad underuthyrning, under tre \u00e5r fr\u00e5n 1 januari 2026.<\/p>\n<p style=\"font-weight: 400;\">Enligt Kollektivtrafikn\u00e4mnden i V\u00e4rmland \u00e4r syftet att s\u00e4kerst\u00e4lla att f\u00e4rre t\u00e5gavg\u00e5ngar st\u00e4lls in p\u00e5 Fryksdalsbanan p\u00e5 grund av fordonsbrist samt att f\u00f6rb\u00e4ttra f\u00f6ruts\u00e4ttningarna f\u00f6r underh\u00e5ll av t\u00e5gen som trafikerar banan.<\/p>\n<p style=\"font-weight: 400;\">Kostnaden anges till n\u00e4rmare 16\u00a0000 kronor per dygn men beloppet kommer att r\u00e4knas om, troligen r\u00e4knas upp, under de tre \u00e5ren.<\/p>\n","protected":false},"excerpt":{"rendered":"Motorvagnen, Y31 1429, var kvar i Ume\u00e5 till januari 2023 d\u00e5 den k\u00f6rdes till Sm\u00e5land och under en&hellip;\n","protected":false},"author":2,"featured_media":74048,"comment_status":"","ping_status":"","sticky":false,"template":"","format":"standard","meta":{"footnotes":""},"categories":[12],"tags":[22,23,26,27,17,21,24,25,28,29,15,16,18,34,31,33,32,30,19,20],"class_list":{"0":"post-74047","1":"post","2":"type-post","3":"status-publish","4":"format-standard","5":"has-post-thumbnail","7":"category-sverige","8":"tag-breaking-news","9":"tag-breakingnews","10":"tag-featured-news","11":"tag-featurednews","12":"tag-headlines","13":"tag-huvudnyheter","14":"tag-latest-news","15":"tag-latestnews","16":"tag-main-news","17":"tag-mainnews","18":"tag-news","19":"tag-nyheter","20":"tag-rubriker","21":"tag-se","22":"tag-svenska","23":"tag-sverige","24":"tag-sweden","25":"tag-swedish","26":"tag-top-stories","27":"tag-topstories"},"share_on_mastodon":{"url":"https:\/\/pubeurope.com\/@se\/115504373193124541","error":""},"_links":{"self":[{"href":"https:\/\/www.europesays.com\/se\/wp-json\/wp\/v2\/posts\/74047","targetHints":{"allow":["GET"]}}],"collection":[{"href":"https:\/\/www.europesays.com\/se\/wp-json\/wp\/v2\/posts"}],"about":[{"href":"https:\/\/www.europesays.com\/se\/wp-json\/wp\/v2\/types\/post"}],"author":[{"embeddable":true,"href":"https:\/\/www.europesays.com\/se\/wp-json\/wp\/v2\/users\/2"}],"replies":[{"embeddable":true,"href":"https:\/\/www.europesays.com\/se\/wp-json\/wp\/v2\/comments?post=74047"}],"version-history":[{"count":0,"href":"https:\/\/www.europesays.com\/se\/wp-json\/wp\/v2\/posts\/74047\/revisions"}],"wp:featuredmedia":[{"embeddable":true,"href":"https:\/\/www.europesays.com\/se\/wp-json\/wp\/v2\/media\/74048"}],"wp:attachment":[{"href":"https:\/\/www.europesays.com\/se\/wp-json\/wp\/v2\/media?parent=74047"}],"wp:term":[{"taxonomy":"category","embeddable":true,"href":"https:\/\/www.europesays.com\/se\/wp-json\/wp\/v2\/categories?post=74047"},{"taxonomy":"post_tag","embeddable":true,"href":"https:\/\/www.europesays.com\/se\/wp-json\/wp\/v2\/tags?post=74047"}],"curies":[{"name":"wp","href":"https:\/\/api.w.org\/{rel}","templated":true}]}}