{"id":74049,"date":"2025-11-06T19:20:13","date_gmt":"2025-11-06T19:20:13","guid":{"rendered":"https:\/\/www.europesays.com\/se\/74049\/"},"modified":"2025-11-06T19:20:13","modified_gmt":"2025-11-06T19:20:13","slug":"mp-fortsatter-vara-mest-utsatt-for-hot","status":"publish","type":"post","link":"https:\/\/www.europesays.com\/se\/74049\/","title":{"rendered":"MP forts\u00e4tter vara mest utsatt f\u00f6r hot"},"content":{"rendered":"<p>            <a href=\"https:\/\/tidningensyre.se\/sektion\/radar\/\" class=\"article__breadcrumb-link article__breadcrumb-link--magenta\" rel=\"nofollow noopener\" target=\"_blank\">Radar<\/a><\/p>\n<p>\n            Publicerad 6 timmar sedan\n        <\/p>\n<p>\n                    M\u00e5nga politiker i riksdagen och kommunfullm\u00e4ktige \u00f6verv\u00e4ger att sluta p\u00e5 grund av hat och hot, visar unders\u00f6kningen av Br\u00e5. och Foto: Johan Jeppsson\/TT\n            <\/p>\n<p class=\"article__sublead\">Politiker i Milj\u00f6partiet uts\u00e4tts f\u00f6r mest hot \u2014 f\u00f6r tredje m\u00e4tningen i rad. Det visar en ny unders\u00f6kning fr\u00e5n Br\u00e5. <\/p>\n<p class=\"article__paragraph\">Var fj\u00e4rde politiker har utsatts f\u00f6r hot, trakasserier, v\u00e5ld eller skadeg\u00f6relse, visar en ny rapport fr\u00e5n Brottsf\u00f6rebyggande r\u00e5det (Br\u00e5), <a href=\"https:\/\/nyheter24.se\/nyheter\/inrikes\/1430593-ny-rapport-var-fjarde-politiker-utsatt-for-hot\" target=\"_blank\" rel=\"noopener nofollow\">rapporterar TT<\/a>.<\/p>\n<p class=\"article__paragraph\">Ett parti sticker ut \u2014 Milj\u00f6partiet. 33 procent av de f\u00f6rtroendevalda i MP har utsatts. S\u00e5 har det sett ut f\u00f6r tredje m\u00e4tningen i rad. <\/p>\n<p class=\"article__paragraph\">Unders\u00f6kningen visar att det var n\u00e5gra procentenheter f\u00e4rre politiker som upplevde hot \u00f6verlag \u00e4n 2022, d\u00e5 det var val\u00e5r. Men under val\u00e5r tenderar hoten \u00f6ka, uppger Br\u00e5.<\/p>\n<p class=\"article__paragraph\">Generellt sett sker hoten och p\u00e5hoppen oftast p\u00e5 sociala medier. I de flesta fall uppfattas f\u00f6r\u00f6varen vara en medel\u00e5lders man. I ungef\u00e4r h\u00e4lften av fallen uppges f\u00f6r\u00f6varen tillh\u00f6ra n\u00e5gon form av milj\u00f6 eller grupp, och d\u00e5 oftast en h\u00f6gerextremistisk eller rasistisk milj\u00f6.<\/p>\n","protected":false},"excerpt":{"rendered":"Radar Publicerad 6 timmar sedan M\u00e5nga politiker i riksdagen och kommunfullm\u00e4ktige \u00f6verv\u00e4ger att sluta p\u00e5 grund av hat&hellip;\n","protected":false},"author":2,"featured_media":74050,"comment_status":"","ping_status":"","sticky":false,"template":"","format":"standard","meta":{"footnotes":""},"categories":[5],"tags":[22,23,26,27,17,21,24,25,28,29,15,16,18,34,31,33,32,30,19,20],"class_list":{"0":"post-74049","1":"post","2":"type-post","3":"status-publish","4":"format-standard","5":"has-post-thumbnail","7":"category-rubriker","8":"tag-breaking-news","9":"tag-breakingnews","10":"tag-featured-news","11":"tag-featurednews","12":"tag-headlines","13":"tag-huvudnyheter","14":"tag-latest-news","15":"tag-latestnews","16":"tag-main-news","17":"tag-mainnews","18":"tag-news","19":"tag-nyheter","20":"tag-rubriker","21":"tag-se","22":"tag-svenska","23":"tag-sverige","24":"tag-sweden","25":"tag-swedish","26":"tag-top-stories","27":"tag-topstories"},"share_on_mastodon":{"url":"https:\/\/pubeurope.com\/@se\/115504376952747428","error":""},"_links":{"self":[{"href":"https:\/\/www.europesays.com\/se\/wp-json\/wp\/v2\/posts\/74049","targetHints":{"allow":["GET"]}}],"collection":[{"href":"https:\/\/www.europesays.com\/se\/wp-json\/wp\/v2\/posts"}],"about":[{"href":"https:\/\/www.europesays.com\/se\/wp-json\/wp\/v2\/types\/post"}],"author":[{"embeddable":true,"href":"https:\/\/www.europesays.com\/se\/wp-json\/wp\/v2\/users\/2"}],"replies":[{"embeddable":true,"href":"https:\/\/www.europesays.com\/se\/wp-json\/wp\/v2\/comments?post=74049"}],"version-history":[{"count":0,"href":"https:\/\/www.europesays.com\/se\/wp-json\/wp\/v2\/posts\/74049\/revisions"}],"wp:featuredmedia":[{"embeddable":true,"href":"https:\/\/www.europesays.com\/se\/wp-json\/wp\/v2\/media\/74050"}],"wp:attachment":[{"href":"https:\/\/www.europesays.com\/se\/wp-json\/wp\/v2\/media?parent=74049"}],"wp:term":[{"taxonomy":"category","embeddable":true,"href":"https:\/\/www.europesays.com\/se\/wp-json\/wp\/v2\/categories?post=74049"},{"taxonomy":"post_tag","embeddable":true,"href":"https:\/\/www.europesays.com\/se\/wp-json\/wp\/v2\/tags?post=74049"}],"curies":[{"name":"wp","href":"https:\/\/api.w.org\/{rel}","templated":true}]}}