{"id":74053,"date":"2025-11-06T19:29:07","date_gmt":"2025-11-06T19:29:07","guid":{"rendered":"https:\/\/www.europesays.com\/se\/74053\/"},"modified":"2025-11-06T19:29:07","modified_gmt":"2025-11-06T19:29:07","slug":"presidenten-vill-se-nytt-system-for-anmalningar","status":"publish","type":"post","link":"https:\/\/www.europesays.com\/se\/74053\/","title":{"rendered":"Presidenten vill se nytt system f\u00f6r anm\u00e4lningar"},"content":{"rendered":"<p>Mexikos president Claudia Sheinbaum f\u00f6resl\u00e5r reformer efter att en ok\u00e4nd man tafsat p\u00e5 henne p\u00e5 \u00f6ppen gata i huvudstaden Mexico City. Under en presstr\u00e4ff p\u00e5 torsdagen sa hon att det beh\u00f6vs ett effektivt och r\u00e4ttvist system f\u00f6r anm\u00e4lningar av trakasserier. <\/p>\n<p>Sheinbaum gav inga detaljer om hur ett s\u00e5dant system kan utformas och har inga planer p\u00e5 att f\u00f6rst\u00e4rka sitt personskydd. <\/p>\n<p>\u2013 Vi m\u00e5ste vara n\u00e4ra folket. <\/p>\n<p>Enligt AFP \u00e4r trakasserierna mot kvinnor i Mexiko s\u00e5 utbredda att det inf\u00f6rts s\u00e4rskilda vagnar i tunnelbanan som bara \u00e4r till f\u00f6r kvinnor. <\/p>\n<p>Omni \u00e4r politiskt obundna och oberoende. Vi str\u00e4var efter att ge fler perspektiv p\u00e5 nyheterna. Har du fr\u00e5gor eller synpunkter kring v\u00e5r rapportering? <a href=\"https:\/\/omni.se\/presidenten-vill-se-nytt-system-for-anmalningar\/a\/mailto:redaktion@omni.se\" class=\"ArticleActions_contactLink__W2F1M\" rel=\"nofollow noopener\" target=\"_blank\">Kontakta redaktionen<\/a><\/p>\n","protected":false},"excerpt":{"rendered":"Mexikos president Claudia Sheinbaum f\u00f6resl\u00e5r reformer efter att en ok\u00e4nd man tafsat p\u00e5 henne p\u00e5 \u00f6ppen gata i&hellip;\n","protected":false},"author":2,"featured_media":74054,"comment_status":"","ping_status":"","sticky":false,"template":"","format":"standard","meta":{"footnotes":""},"categories":[5],"tags":[22,23,6628,26,27,17,21,24,25,708,28,29,5554,15,16,18,34,31,33,32,30,19,20],"class_list":{"0":"post-74053","1":"post","2":"type-post","3":"status-publish","4":"format-standard","5":"has-post-thumbnail","7":"category-rubriker","8":"tag-breaking-news","9":"tag-breakingnews","10":"tag-claudia-sheinbaum","11":"tag-featured-news","12":"tag-featurednews","13":"tag-headlines","14":"tag-huvudnyheter","15":"tag-latest-news","16":"tag-latestnews","17":"tag-latinamerika","18":"tag-main-news","19":"tag-mainnews","20":"tag-mexiko","21":"tag-news","22":"tag-nyheter","23":"tag-rubriker","24":"tag-se","25":"tag-svenska","26":"tag-sverige","27":"tag-sweden","28":"tag-swedish","29":"tag-top-stories","30":"tag-topstories"},"share_on_mastodon":{"url":"https:\/\/pubeurope.com\/@se\/115504412301308813","error":""},"_links":{"self":[{"href":"https:\/\/www.europesays.com\/se\/wp-json\/wp\/v2\/posts\/74053","targetHints":{"allow":["GET"]}}],"collection":[{"href":"https:\/\/www.europesays.com\/se\/wp-json\/wp\/v2\/posts"}],"about":[{"href":"https:\/\/www.europesays.com\/se\/wp-json\/wp\/v2\/types\/post"}],"author":[{"embeddable":true,"href":"https:\/\/www.europesays.com\/se\/wp-json\/wp\/v2\/users\/2"}],"replies":[{"embeddable":true,"href":"https:\/\/www.europesays.com\/se\/wp-json\/wp\/v2\/comments?post=74053"}],"version-history":[{"count":0,"href":"https:\/\/www.europesays.com\/se\/wp-json\/wp\/v2\/posts\/74053\/revisions"}],"wp:featuredmedia":[{"embeddable":true,"href":"https:\/\/www.europesays.com\/se\/wp-json\/wp\/v2\/media\/74054"}],"wp:attachment":[{"href":"https:\/\/www.europesays.com\/se\/wp-json\/wp\/v2\/media?parent=74053"}],"wp:term":[{"taxonomy":"category","embeddable":true,"href":"https:\/\/www.europesays.com\/se\/wp-json\/wp\/v2\/categories?post=74053"},{"taxonomy":"post_tag","embeddable":true,"href":"https:\/\/www.europesays.com\/se\/wp-json\/wp\/v2\/tags?post=74053"}],"curies":[{"name":"wp","href":"https:\/\/api.w.org\/{rel}","templated":true}]}}