{"id":74056,"date":"2025-11-06T19:35:09","date_gmt":"2025-11-06T19:35:09","guid":{"rendered":"https:\/\/www.europesays.com\/se\/74056\/"},"modified":"2025-11-06T19:35:09","modified_gmt":"2025-11-06T19:35:09","slug":"dn-direkt-lakemedelschef-foll-ihop-bredvid-trump-under-presstraff","status":"publish","type":"post","link":"https:\/\/www.europesays.com\/se\/74056\/","title":{"rendered":"DN Direkt \u2013 L\u00e4kemedelschef f\u00f6ll ihop bredvid Trump under presstr\u00e4ff"},"content":{"rendered":"<p>Stockholmsb\u00f6rsen bj\u00f6d p\u00e5 sm\u00e5 r\u00f6relser under torsdagen men hade vid st\u00e4ngning dykt ned p\u00e5 r\u00f6tt.<\/p>\n<p>L\u00e4kemedelsj\u00e4tten Astra Zeneca var i topp bland storbolagen.<\/p>\n<p>Breda OMXS-index slutade p\u00e5 minus 0,4 procent.<\/p>\n<p>Astra Zeneca redovisade \u00f6kade int\u00e4kter och \u00f6kad vinst i sin kvartalsrapport. Bolagets aktie stack iv\u00e4g upp\u00e5t med 2,9 procent.<\/p>\n<p>P\u00e5 storbolagslistan OMXS30 utm\u00e4rkte sig \u00e4ven bland annat gruvbolaget Bolidens aktie, plus 1,2 procent, och storbanken Nordea, som med en uppg\u00e5ng p\u00e5 2,3 procent \u00e5terh\u00e4mtade en del av onsdagens fall.<\/p>\n<p>I botten bland de mest omsatta aktierna fanns byggkoncernen Skanska, som backade 4,7 procent, efter att ha kommit med en kvartalsrapport som inte levde upp till f\u00f6rv\u00e4ntningarna.<\/p>\n<p>Apotekskedjan Apoteas aktie rapportrusade 9,8 procent.<\/p>\n","protected":false},"excerpt":{"rendered":"Stockholmsb\u00f6rsen bj\u00f6d p\u00e5 sm\u00e5 r\u00f6relser under torsdagen men hade vid st\u00e4ngning dykt ned p\u00e5 r\u00f6tt. L\u00e4kemedelsj\u00e4tten Astra Zeneca&hellip;\n","protected":false},"author":2,"featured_media":74057,"comment_status":"","ping_status":"","sticky":false,"template":"","format":"standard","meta":{"footnotes":""},"categories":[14],"tags":[22,23,26,27,17,21,24,25,28,29,15,16,18,34,31,33,32,30,19,20,51,52,53,54],"class_list":{"0":"post-74056","1":"post","2":"type-post","3":"status-publish","4":"format-standard","5":"has-post-thumbnail","7":"category-varlden","8":"tag-breaking-news","9":"tag-breakingnews","10":"tag-featured-news","11":"tag-featurednews","12":"tag-headlines","13":"tag-huvudnyheter","14":"tag-latest-news","15":"tag-latestnews","16":"tag-main-news","17":"tag-mainnews","18":"tag-news","19":"tag-nyheter","20":"tag-rubriker","21":"tag-se","22":"tag-svenska","23":"tag-sverige","24":"tag-sweden","25":"tag-swedish","26":"tag-top-stories","27":"tag-topstories","28":"tag-varlden","29":"tag-world","30":"tag-world-news","31":"tag-worldnews"},"share_on_mastodon":{"url":"https:\/\/pubeurope.com\/@se\/115504436058008225","error":""},"_links":{"self":[{"href":"https:\/\/www.europesays.com\/se\/wp-json\/wp\/v2\/posts\/74056","targetHints":{"allow":["GET"]}}],"collection":[{"href":"https:\/\/www.europesays.com\/se\/wp-json\/wp\/v2\/posts"}],"about":[{"href":"https:\/\/www.europesays.com\/se\/wp-json\/wp\/v2\/types\/post"}],"author":[{"embeddable":true,"href":"https:\/\/www.europesays.com\/se\/wp-json\/wp\/v2\/users\/2"}],"replies":[{"embeddable":true,"href":"https:\/\/www.europesays.com\/se\/wp-json\/wp\/v2\/comments?post=74056"}],"version-history":[{"count":0,"href":"https:\/\/www.europesays.com\/se\/wp-json\/wp\/v2\/posts\/74056\/revisions"}],"wp:featuredmedia":[{"embeddable":true,"href":"https:\/\/www.europesays.com\/se\/wp-json\/wp\/v2\/media\/74057"}],"wp:attachment":[{"href":"https:\/\/www.europesays.com\/se\/wp-json\/wp\/v2\/media?parent=74056"}],"wp:term":[{"taxonomy":"category","embeddable":true,"href":"https:\/\/www.europesays.com\/se\/wp-json\/wp\/v2\/categories?post=74056"},{"taxonomy":"post_tag","embeddable":true,"href":"https:\/\/www.europesays.com\/se\/wp-json\/wp\/v2\/tags?post=74056"}],"curies":[{"name":"wp","href":"https:\/\/api.w.org\/{rel}","templated":true}]}}