{"id":74058,"date":"2025-11-06T19:36:33","date_gmt":"2025-11-06T19:36:33","guid":{"rendered":"https:\/\/www.europesays.com\/se\/74058\/"},"modified":"2025-11-06T19:36:33","modified_gmt":"2025-11-06T19:36:33","slug":"polis-atalas-for-tjanstefel-anmalde-inte-mordad-kvinnas-uppgifter-om-valdtakt","status":"publish","type":"post","link":"https:\/\/www.europesays.com\/se\/74058\/","title":{"rendered":"Polis \u00e5talas f\u00f6r tj\u00e4nstefel \u2013 anm\u00e4lde inte m\u00f6rdad kvinnas uppgifter om v\u00e5ldt\u00e4kt"},"content":{"rendered":"<p>Enligt socialtj\u00e4nstens journalanteckningar, som \u00e4r en del av \u00e5klagarens bevisning, stoppade den misst\u00e4nkta polisen den m\u00f6rdade 22-\u00e5ringen efter att hon pratat om v\u00e5ldt\u00e4kten i cirka 30 sekunder och ska d\u00e5 ha uttalat \u201dStopp, stopp \u2013 vi har anm\u00e4lningsplikt och forts\u00e4tter du ber\u00e4tta s\u00e5 m\u00e5ste vi g\u00f6ra en anm\u00e4lan\u201d. <\/p>\n<p>Den misst\u00e4nkta polisen f\u00f6rnekar brott. I f\u00f6runders\u00f6kningen kring mordet finns uppgifter om att 22-\u00e5ringen sj\u00e4lv sagt att hon inte ville anm\u00e4la pappan f\u00f6r v\u00e5ldt\u00e4kt. <\/p>\n<ul class=\"InlineTagBox__articleList___Cd8aF\">\n<li class=\"InlineTagBoxTeaser__root___9iz9n\"><a class=\"InlineTagBoxTeaser__link___Z1F6b\" href=\"https:\/\/www.svt.se\/nyheter\/lokalt\/smaland\/mordet-i-lessebo-polis-avford-fran-utredning-om-tjanstefel\" data-discover=\"true\" rel=\"nofollow noopener\" target=\"_blank\"><img decoding=\"async\" alt=\"Tv\u00e5delad bild. V\u00e4nster: Person med suddat ansikte i rosa sjal. H\u00f6ger: Ensam vindskydd i skogsmilj\u00f6.\" class=\"pic__img pic__img--preloaded pic__img--square\" src=\"https:\/\/www.europesays.com\/se\/wp-content\/uploads\/2025\/11\/8c5d99ecb4d69323719f1b12dba45c8daad53ed6932a03f11abdf1171c498811.jpeg\"   title=\"Foto: Privat, William Frykfeldt\/SVT\"\/><img decoding=\"async\" class=\"pic__img pic__img--placeholder \" alt=\"\" src=\"data:image\/gif;base64,R0lGODlhAQABAAAAACH5BAEKAAEALAAAAAABAAEAAAICTAEAOw==\"\/>\n<p>Mordet i Lessebo \u2013 polis avf\u00f6rd fr\u00e5n utredning om tj\u00e4nstefel<\/p>\n<p><\/a><\/li>\n<li class=\"InlineTagBoxTeaser__root___9iz9n\"><a class=\"InlineTagBoxTeaser__link___Z1F6b\" href=\"https:\/\/www.svt.se\/nyheter\/lokalt\/smaland\/aklagaren-motsatter-sig-ersattning-till-mamman-i-hedersmordet-i-lessebo\" data-discover=\"true\" rel=\"nofollow noopener\" target=\"_blank\"><img decoding=\"async\" alt=\"Kvinna i rosa sl\u00f6ja med suddat ansikte samt en rastplats i skogsmilj\u00f6.\" class=\"pic__img pic__img--preloaded pic__img--square\" src=\"https:\/\/www.europesays.com\/se\/wp-content\/uploads\/2025\/11\/ea08e44ab99ac27456923f875c71e02908a9c8c5fa387c25aaa47c5c4f6f84f2.jpeg\"   title=\"Foto: Privat, William Frykfeldt\/SVT\"\/><img decoding=\"async\" class=\"pic__img pic__img--placeholder \" alt=\"\" src=\"data:image\/gif;base64,R0lGODlhAQABAAAAACH5BAEKAAEALAAAAAABAAEAAAICTAEAOw==\"\/>\n<p>\u00c5klagaren mots\u00e4tter sig ers\u00e4ttning till mamman i hedersmordet i Lessebo<\/p>\n<p><\/a><\/li>\n<\/ul>\n<p>M\u00e5ste anm\u00e4la \u2013 \u00e4ven om m\u00e5ls\u00e4gande inte vill<\/p>\n<p>Men, som SVT Sm\u00e5land tidigare har ber\u00e4ttat, spelar m\u00e5ls\u00e4gandens egen inst\u00e4llning ingen roll. Alla poliser \u00e4r skyldiga att anm\u00e4la brott som kommer till deras k\u00e4nnedom. <\/p>\n<p>Efter att SVT Sm\u00e5land avsl\u00f6jat den uteblivna anm\u00e4lan inleddes en f\u00f6runders\u00f6kning om tj\u00e4nstefel mot de tv\u00e5 poliser som deltog vid m\u00f6tet. <\/p>\n<p>Tidigare under torsdagen stod det klart att den nu \u00e5talade kvinnans kollega <a href=\"https:\/\/www.svt.se\/nyheter\/lokalt\/smaland\/mordet-i-lessebo-polis-avford-fran-utredning-om-tjanstefel\" rel=\"nofollow noopener\" target=\"_blank\">inte l\u00e4ngre \u00e4r misst\u00e4nkt<\/a>. Anledningen \u00e4r enligt \u00e5klagaren att hon \u201dinte aktivt deltog i interaktionen med en m\u00e5ls\u00e4gande\u201d.<\/p>\n<p><img decoding=\"async\" alt=\"Dubbeldelad bild. V\u00e4nster: En frusen sj\u00f6 med ett \u00f6ppet vindskydd. H\u00f6ger: Person gestikulerar.\" src=\"https:\/\/www.europesays.com\/se\/wp-content\/uploads\/2025\/11\/06ec68205dea09e943d9dd8c0996ee07e4df9552f49d12c717caf7674dc45cba.jpeg\" title=\"Foto: William Frykfeldt\/SVT\"\/><\/p>\n<p>Javascript m\u00e5ste vara p\u00e5slaget f\u00f6r att kunna spela video<\/p>\n<p>Se SVT Nyheter Sm\u00e5lands avsl\u00f6jande fr\u00e5n 4 februari i \u00e5r. Avsl\u00f6jandet ledde fram till en utredning av s\u00e4rskilda \u00e5klagarkammaren. Nu v\u00e4cks \u00e5tal mot en av poliserna. Foto: William Frykfeldt\/SVT<\/p>\n<p>Den 22-\u00e5riga kvinnan fr\u00e5n Lessebo hittades m\u00f6rdad i ett vindskydd i maj f\u00f6rra \u00e5ret. I juni i \u00e5r fastst\u00e4llde G\u00f6ta hovr\u00e4tt <a href=\"https:\/\/www.svt.se\/nyheter\/lokalt\/smaland\/hovratten-faststaller-dom-for-anhoriga-i-lessebomordet\" rel=\"nofollow noopener\" target=\"_blank\">morddomen mot hennes bror och pappa<\/a> \u2013 mordet ska enligt domen ha haft hedersmotiv. <\/p>\n<p>Men innan hon m\u00f6rdades flydde <a href=\"https:\/\/www.svt.se\/nyheter\/lokalt\/smaland\/hon-gomde-den-mordade-kvinnan-fran-familjen-nu-trader-hon-fram\" rel=\"nofollow noopener\" target=\"_blank\">kvinnan fr\u00e5n Lessebo till norra Sverige<\/a>. D\u00e4r anm\u00e4lde hon sin far f\u00f6r hedersf\u00f6rtryck. Men efterhand ville kvinnan inte l\u00e4ngre medverka i polisutredningen och den lade d\u00e4rf\u00f6r ner.<\/p>\n<p>Uppgifterna om pappans v\u00e5ldt\u00e4kt anm\u00e4ldes d\u00e4remot inte och har d\u00e4rf\u00f6r inte utretts av polisen. <\/p>\n<p>N\u00e5gra m\u00e5nader senare \u00e5terv\u00e4nde kvinnan till Lessebo, d\u00e4r hon sedan m\u00f6rdades.<\/p>\n<p>Den tidigare mordutredaren Bo \u00c5str\u00f6m har kritiserat polisens arbete och sagt att om polisen utrett anklagelsen om v\u00e5ldt\u00e4kt, hade <a href=\"https:\/\/www.svt.se\/nyheter\/lokalt\/smaland\/experten-polisen-hade-kunnat-forhindra-hedersmordet-i-lessebo\" rel=\"nofollow noopener\" target=\"_blank\">mordet kunnat f\u00f6rhindras.<\/a><\/p>\n","protected":false},"excerpt":{"rendered":"Enligt socialtj\u00e4nstens journalanteckningar, som \u00e4r en del av \u00e5klagarens bevisning, stoppade den misst\u00e4nkta polisen den m\u00f6rdade 22-\u00e5ringen efter&hellip;\n","protected":false},"author":2,"featured_media":74059,"comment_status":"","ping_status":"","sticky":false,"template":"","format":"standard","meta":{"footnotes":""},"categories":[12],"tags":[22,23,26,27,17,21,24,25,28,29,15,16,18,34,31,33,32,30,19,20],"class_list":{"0":"post-74058","1":"post","2":"type-post","3":"status-publish","4":"format-standard","5":"has-post-thumbnail","7":"category-sverige","8":"tag-breaking-news","9":"tag-breakingnews","10":"tag-featured-news","11":"tag-featurednews","12":"tag-headlines","13":"tag-huvudnyheter","14":"tag-latest-news","15":"tag-latestnews","16":"tag-main-news","17":"tag-mainnews","18":"tag-news","19":"tag-nyheter","20":"tag-rubriker","21":"tag-se","22":"tag-svenska","23":"tag-sverige","24":"tag-sweden","25":"tag-swedish","26":"tag-top-stories","27":"tag-topstories"},"share_on_mastodon":{"url":"https:\/\/pubeurope.com\/@se\/115504440048217906","error":""},"_links":{"self":[{"href":"https:\/\/www.europesays.com\/se\/wp-json\/wp\/v2\/posts\/74058","targetHints":{"allow":["GET"]}}],"collection":[{"href":"https:\/\/www.europesays.com\/se\/wp-json\/wp\/v2\/posts"}],"about":[{"href":"https:\/\/www.europesays.com\/se\/wp-json\/wp\/v2\/types\/post"}],"author":[{"embeddable":true,"href":"https:\/\/www.europesays.com\/se\/wp-json\/wp\/v2\/users\/2"}],"replies":[{"embeddable":true,"href":"https:\/\/www.europesays.com\/se\/wp-json\/wp\/v2\/comments?post=74058"}],"version-history":[{"count":0,"href":"https:\/\/www.europesays.com\/se\/wp-json\/wp\/v2\/posts\/74058\/revisions"}],"wp:featuredmedia":[{"embeddable":true,"href":"https:\/\/www.europesays.com\/se\/wp-json\/wp\/v2\/media\/74059"}],"wp:attachment":[{"href":"https:\/\/www.europesays.com\/se\/wp-json\/wp\/v2\/media?parent=74058"}],"wp:term":[{"taxonomy":"category","embeddable":true,"href":"https:\/\/www.europesays.com\/se\/wp-json\/wp\/v2\/categories?post=74058"},{"taxonomy":"post_tag","embeddable":true,"href":"https:\/\/www.europesays.com\/se\/wp-json\/wp\/v2\/tags?post=74058"}],"curies":[{"name":"wp","href":"https:\/\/api.w.org\/{rel}","templated":true}]}}