{"id":74060,"date":"2025-11-06T19:37:12","date_gmt":"2025-11-06T19:37:12","guid":{"rendered":"https:\/\/www.europesays.com\/se\/74060\/"},"modified":"2025-11-06T19:37:12","modified_gmt":"2025-11-06T19:37:12","slug":"nestle-stoppar-inkop-fran-sca-efter-greta-thunbergs-ord","status":"publish","type":"post","link":"https:\/\/www.europesays.com\/se\/74060\/","title":{"rendered":"Nestl\u00e9 stoppar ink\u00f6p fr\u00e5n SCA \u2013 efter Greta Thunbergs ord"},"content":{"rendered":"<p>Milj\u00f6aktivisten Greta Thunberg har uppmanat flera bolag att sluta k\u00f6pa produkter av skogsj\u00e4tten SCA. Nu meddelar livsmedelsgiganten Nestl\u00e9 att f\u00f6retaget stoppar ink\u00f6p fr\u00e5n leverant\u00f6rer inblandade i \u201dkontroverser\u201d i norra Sverige.<\/p>\n<p>\u201dDet sammanfaller ganska v\u00e4l med h\u00e4ndelserna i Arjeplog\u201d, s\u00e4ger Robert \u00d6stholm p\u00e5 SCA, och syftar p\u00e5 ett uppm\u00e4rksammat fall av stoppad avverkning.<\/p>\n<p><strong class=\"global-xxs-bold\">Uppdaterad:<\/strong> 6 november 2025, 19:55<strong class=\"global-xxs-bold\">Publicerad:<\/strong> 6 november 2025, 18:25<\/p>\n<p>Spara<\/p>\n","protected":false},"excerpt":{"rendered":"Milj\u00f6aktivisten Greta Thunberg har uppmanat flera bolag att sluta k\u00f6pa produkter av skogsj\u00e4tten SCA. Nu meddelar livsmedelsgiganten Nestl\u00e9&hellip;\n","protected":false},"author":2,"featured_media":74061,"comment_status":"","ping_status":"","sticky":false,"template":"","format":"standard","meta":{"footnotes":""},"categories":[5],"tags":[22,23,26,27,17,21,24,25,28,29,15,16,18,34,31,33,32,30,19,20],"class_list":{"0":"post-74060","1":"post","2":"type-post","3":"status-publish","4":"format-standard","5":"has-post-thumbnail","7":"category-rubriker","8":"tag-breaking-news","9":"tag-breakingnews","10":"tag-featured-news","11":"tag-featurednews","12":"tag-headlines","13":"tag-huvudnyheter","14":"tag-latest-news","15":"tag-latestnews","16":"tag-main-news","17":"tag-mainnews","18":"tag-news","19":"tag-nyheter","20":"tag-rubriker","21":"tag-se","22":"tag-svenska","23":"tag-sverige","24":"tag-sweden","25":"tag-swedish","26":"tag-top-stories","27":"tag-topstories"},"share_on_mastodon":{"url":"https:\/\/pubeurope.com\/@se\/115504443762428044","error":""},"_links":{"self":[{"href":"https:\/\/www.europesays.com\/se\/wp-json\/wp\/v2\/posts\/74060","targetHints":{"allow":["GET"]}}],"collection":[{"href":"https:\/\/www.europesays.com\/se\/wp-json\/wp\/v2\/posts"}],"about":[{"href":"https:\/\/www.europesays.com\/se\/wp-json\/wp\/v2\/types\/post"}],"author":[{"embeddable":true,"href":"https:\/\/www.europesays.com\/se\/wp-json\/wp\/v2\/users\/2"}],"replies":[{"embeddable":true,"href":"https:\/\/www.europesays.com\/se\/wp-json\/wp\/v2\/comments?post=74060"}],"version-history":[{"count":0,"href":"https:\/\/www.europesays.com\/se\/wp-json\/wp\/v2\/posts\/74060\/revisions"}],"wp:featuredmedia":[{"embeddable":true,"href":"https:\/\/www.europesays.com\/se\/wp-json\/wp\/v2\/media\/74061"}],"wp:attachment":[{"href":"https:\/\/www.europesays.com\/se\/wp-json\/wp\/v2\/media?parent=74060"}],"wp:term":[{"taxonomy":"category","embeddable":true,"href":"https:\/\/www.europesays.com\/se\/wp-json\/wp\/v2\/categories?post=74060"},{"taxonomy":"post_tag","embeddable":true,"href":"https:\/\/www.europesays.com\/se\/wp-json\/wp\/v2\/tags?post=74060"}],"curies":[{"name":"wp","href":"https:\/\/api.w.org\/{rel}","templated":true}]}}