{"id":74066,"date":"2025-11-06T19:53:11","date_gmt":"2025-11-06T19:53:11","guid":{"rendered":"https:\/\/www.europesays.com\/se\/74066\/"},"modified":"2025-11-06T19:53:11","modified_gmt":"2025-11-06T19:53:11","slug":"emil-forsberg-ersatter-taha-ali","status":"publish","type":"post","link":"https:\/\/www.europesays.com\/se\/74066\/","title":{"rendered":"Emil Forsberg ers\u00e4tter Taha Ali"},"content":{"rendered":"<p>Taha Ali fr\u00e5n Malm\u00f6 FF tvingas att l\u00e4mna \u00e5terbud till herrlandslagets VM-kval.<br \/>F\u00f6rbundskapten Graham Potter har valt att kalla in Emil Forsberg, New York Red Bulls, som ers\u00e4ttare.<\/p>\n<p>I onsdags presenterade herrlandslagets nya f\u00f6rbundskapten Graham Potter truppen som ska ta sig an Schweiz och Slovenien i VM-kvalets sista omg\u00e5ng.<\/p>\n<p>Taha Ali, som spelat en landskamp under januariturn\u00e9n 2024, kallades in till \u201driktiga\u201d landslaget f\u00f6r f\u00f6rsta g\u00e5ngen. Men nu st\u00e5r det klart att den offensive MFF-spelaren tvingas l\u00e4mna \u00e5terbud p\u00e5 grund av skada.<\/p>\n<p>Emil Forsberg, som spelat 90 landskamper f\u00f6r Sverige, kallas in som ers\u00e4ttare. Herrlandslaget samlas i Spanien p\u00e5 m\u00e5ndag och spelar borta mot Schweiz p\u00e5 l\u00f6rdagen.<\/p>\n","protected":false},"excerpt":{"rendered":"Taha Ali fr\u00e5n Malm\u00f6 FF tvingas att l\u00e4mna \u00e5terbud till herrlandslagets VM-kval.F\u00f6rbundskapten Graham Potter har valt att kalla&hellip;\n","protected":false},"author":2,"featured_media":74067,"comment_status":"","ping_status":"","sticky":false,"template":"","format":"standard","meta":{"footnotes":""},"categories":[5],"tags":[22,23,26,27,17,21,24,25,28,29,15,16,18,34,31,33,32,30,19,20],"class_list":{"0":"post-74066","1":"post","2":"type-post","3":"status-publish","4":"format-standard","5":"has-post-thumbnail","7":"category-rubriker","8":"tag-breaking-news","9":"tag-breakingnews","10":"tag-featured-news","11":"tag-featurednews","12":"tag-headlines","13":"tag-huvudnyheter","14":"tag-latest-news","15":"tag-latestnews","16":"tag-main-news","17":"tag-mainnews","18":"tag-news","19":"tag-nyheter","20":"tag-rubriker","21":"tag-se","22":"tag-svenska","23":"tag-sverige","24":"tag-sweden","25":"tag-swedish","26":"tag-top-stories","27":"tag-topstories"},"share_on_mastodon":{"url":"https:\/\/pubeurope.com\/@se\/115504506630892353","error":""},"_links":{"self":[{"href":"https:\/\/www.europesays.com\/se\/wp-json\/wp\/v2\/posts\/74066","targetHints":{"allow":["GET"]}}],"collection":[{"href":"https:\/\/www.europesays.com\/se\/wp-json\/wp\/v2\/posts"}],"about":[{"href":"https:\/\/www.europesays.com\/se\/wp-json\/wp\/v2\/types\/post"}],"author":[{"embeddable":true,"href":"https:\/\/www.europesays.com\/se\/wp-json\/wp\/v2\/users\/2"}],"replies":[{"embeddable":true,"href":"https:\/\/www.europesays.com\/se\/wp-json\/wp\/v2\/comments?post=74066"}],"version-history":[{"count":0,"href":"https:\/\/www.europesays.com\/se\/wp-json\/wp\/v2\/posts\/74066\/revisions"}],"wp:featuredmedia":[{"embeddable":true,"href":"https:\/\/www.europesays.com\/se\/wp-json\/wp\/v2\/media\/74067"}],"wp:attachment":[{"href":"https:\/\/www.europesays.com\/se\/wp-json\/wp\/v2\/media?parent=74066"}],"wp:term":[{"taxonomy":"category","embeddable":true,"href":"https:\/\/www.europesays.com\/se\/wp-json\/wp\/v2\/categories?post=74066"},{"taxonomy":"post_tag","embeddable":true,"href":"https:\/\/www.europesays.com\/se\/wp-json\/wp\/v2\/tags?post=74066"}],"curies":[{"name":"wp","href":"https:\/\/api.w.org\/{rel}","templated":true}]}}