{"id":74070,"date":"2025-11-06T19:58:21","date_gmt":"2025-11-06T19:58:21","guid":{"rendered":"https:\/\/www.europesays.com\/se\/74070\/"},"modified":"2025-11-06T19:58:21","modified_gmt":"2025-11-06T19:58:21","slug":"danske-bank-rantan-vander-upp","status":"publish","type":"post","link":"https:\/\/www.europesays.com\/se\/74070\/","title":{"rendered":"Danske Bank: R\u00e4ntan v\u00e4nder upp"},"content":{"rendered":"<p class=\"font-sans text-base text-text-main dark:text-text-main-dark font-normal leading-[1.4]\">Efter <strong>Riksbankens<\/strong> v\u00e4ntade besked om of\u00f6r\u00e4ndrad r\u00e4nta p\u00e5 1,75% menar <strong>Danske Banks<\/strong> chefekonom <strong>Susanne Spector<\/strong> att s\u00e4nkningscykeln nu \u00e4r avslutad.<\/p>\n<p class=\"font-sans text-base text-text-main dark:text-text-main-dark font-normal leading-[1.4]\">&#8221;Inget kan uteslutas, men den b\u00e4sta bed\u00f6mningen \u00e4r att r\u00e4ntorna \u00e4r f\u00e4rdigs\u00e4nkta och att n\u00e4sta steg blir en h\u00f6jning&#8221;, s\u00e4ger hon till Placera.<\/p>\n<p class=\"font-sans text-base text-text-main dark:text-text-main-dark font-normal leading-[1.4]\">Sedan Riksbankens beslut i september har ekonomin utvecklats n\u00e5got b\u00e4ttre \u00e4n v\u00e4ntat. De siffror som kom efter sommaren visar att \u00e5terh\u00e4mtningen har fortsatt i h\u00f6gre takt \u00e4n prognoserna tydde p\u00e5.<\/p>\n<p class=\"font-sans text-base text-text-main dark:text-text-main-dark font-normal leading-[1.4]\">&#8221;Det ser ut som att statistiken vi fick under sommaren inf\u00f6r besluten i september gav en felaktig bild av att \u00e5terh\u00e4mtningen var p\u00e5 v\u00e4g att tappa mer fart \u00e4n vad den faktiskt har gjort&#8221;, s\u00e4ger Susanne Spector.<\/p>\n<p class=\"font-sans text-base text-text-main dark:text-text-main-dark font-normal leading-[1.4]\">Samtidigt har finanspolitiken f\u00e5tt en tydligt expansiv inriktning. Regeringens h\u00f6stbudget s\u00e4nker skatter och st\u00e4rker hush\u00e5llens ekonomi i syfte att driva p\u00e5 tillv\u00e4xten.<\/p>\n<p class=\"font-sans text-base text-text-main dark:text-text-main-dark font-normal leading-[1.4]\">N\u00e4r konjunkturen redan st\u00e4rks kan den expansiva finanspolitiken f\u00f6rst\u00e4rka utvecklingen mer \u00e4n vad som \u00e4r \u00f6nskv\u00e4rt och \u00f6ka risken f\u00f6r ett nytt inflationstryck.<\/p>\n","protected":false},"excerpt":{"rendered":"Efter Riksbankens v\u00e4ntade besked om of\u00f6r\u00e4ndrad r\u00e4nta p\u00e5 1,75% menar Danske Banks chefekonom Susanne Spector att s\u00e4nkningscykeln nu&hellip;\n","protected":false},"author":2,"featured_media":74071,"comment_status":"","ping_status":"","sticky":false,"template":"","format":"standard","meta":{"footnotes":""},"categories":[65],"tags":[2717,72,70,71,6042,327,34,31,33,32,30],"class_list":{"0":"post-74070","1":"post","2":"type-post","3":"status-publish","4":"format-standard","5":"has-post-thumbnail","7":"category-ekonomi","8":"tag-bostadsmarknaden","9":"tag-business","10":"tag-economy","11":"tag-ekonomi","12":"tag-ranta","13":"tag-riksbanken","14":"tag-se","15":"tag-svenska","16":"tag-sverige","17":"tag-sweden","18":"tag-swedish"},"share_on_mastodon":{"url":"https:\/\/pubeurope.com\/@se\/115504526309107276","error":""},"_links":{"self":[{"href":"https:\/\/www.europesays.com\/se\/wp-json\/wp\/v2\/posts\/74070","targetHints":{"allow":["GET"]}}],"collection":[{"href":"https:\/\/www.europesays.com\/se\/wp-json\/wp\/v2\/posts"}],"about":[{"href":"https:\/\/www.europesays.com\/se\/wp-json\/wp\/v2\/types\/post"}],"author":[{"embeddable":true,"href":"https:\/\/www.europesays.com\/se\/wp-json\/wp\/v2\/users\/2"}],"replies":[{"embeddable":true,"href":"https:\/\/www.europesays.com\/se\/wp-json\/wp\/v2\/comments?post=74070"}],"version-history":[{"count":0,"href":"https:\/\/www.europesays.com\/se\/wp-json\/wp\/v2\/posts\/74070\/revisions"}],"wp:featuredmedia":[{"embeddable":true,"href":"https:\/\/www.europesays.com\/se\/wp-json\/wp\/v2\/media\/74071"}],"wp:attachment":[{"href":"https:\/\/www.europesays.com\/se\/wp-json\/wp\/v2\/media?parent=74070"}],"wp:term":[{"taxonomy":"category","embeddable":true,"href":"https:\/\/www.europesays.com\/se\/wp-json\/wp\/v2\/categories?post=74070"},{"taxonomy":"post_tag","embeddable":true,"href":"https:\/\/www.europesays.com\/se\/wp-json\/wp\/v2\/tags?post=74070"}],"curies":[{"name":"wp","href":"https:\/\/api.w.org\/{rel}","templated":true}]}}