{"id":74079,"date":"2025-11-06T20:09:22","date_gmt":"2025-11-06T20:09:22","guid":{"rendered":"https:\/\/www.europesays.com\/se\/74079\/"},"modified":"2025-11-06T20:09:22","modified_gmt":"2025-11-06T20:09:22","slug":"putins-elittrupper-infiltrerar-pokrovsk-nya-framgangar","status":"publish","type":"post","link":"https:\/\/www.europesays.com\/se\/74079\/","title":{"rendered":"Putins elittrupper infiltrerar Pokrovsk \u2013 nya framg\u00e5ngar"},"content":{"rendered":"<p>Slaget om strategiskt viktiga Pokrovsk forts\u00e4tter.<\/p>\n<p>Staden riskerar att falla i ryska h\u00e4nder.<\/p>\n<p>Nu kan Putins elitstyrka Spetsnaz har skickats dit, enligt tankesmedjan <a href=\"https:\/\/understandingwar.org\/research\/russia-ukraine\/russian-offensive-campaign-assessment-november-4-2025\/\" rel=\"nofollow noopener\" target=\"_blank\">ISW. <\/a>\u00a0<\/p>\n<p>Senaste klippen om kriget i Ukraina.<img   alt=\"\"\/><\/p>\n<p>President Zelenskyj p\u00e5 bes\u00f6k hos de ukrainska styrkorna.<\/p>\n<p>Foto: UKRAINE PRESIDENCY\/STELLA PICTURES<\/p>\n<p>\u00d6ppna bild i helsk\u00e4rm<img loading=\"lazy\"   alt=\"\"\/><\/p>\n<p>Ukrainska trupper avfyrar vapen under \u00f6vning.<\/p>\n<p>Foto: AA \/ STELLA PICTURES\/ABACA PRESS ABACA PRESS<\/p>\n<p>\u00d6ppna bild i helsk\u00e4rm<img loading=\"lazy\"   alt=\"\"\/><\/p>\n<p>Vladimir Putin.<\/p>\n<p>Foto: GAVRIIL GRIGOROV \/ AP TT NYHETSBYR\u00c5N<\/p>\n<p>\u00d6ppna bild i helsk\u00e4rm<\/p>\n<p>Pokrovsk i \u00f6stra Ukraina \u00e4r ett viktigt logistiskt nav f\u00f6r b\u00e5de f\u00f6rflyttning och f\u00f6rs\u00f6rjning av Ukrainas trupper i omr\u00e5det.\u00a0<\/p>\n<p>Om staden faller f\u00f6rsvagas hela den ukrainska frontlinjen i Donetsk.<\/p>\n<p>Men efter n\u00e4stan ett \u00e5rs intensiva strider i och runt den ser l\u00e4get allt mer kritiskt ut f\u00f6r Kievs styrkor.<\/p>\n<p>F\u00f6rra veckan rapporterade ukrainska medier att <a href=\"https:\/\/www.expressen.se\/nyheter\/varlden\/putins-taktik-for-att-infiltrera-ukrainas-forsvar\/\" rel=\"nofollow noopener\" target=\"_blank\">minst 250 ryska soldater tagit sig in i Pokrovsk<\/a> och kunde utf\u00f6ra attacker fr\u00e5n insidan, samtidigt som man tagit kontrollen \u00f6ver luftrummet.\u00a0<\/p>\n<p>Spetsnaz m\u00f6jlig del\u00a0<\/p>\n<p>Den fruktade ryska elitstyrkan Spetsnaz kan ha varit inkopplade, skriver den amerikanska tankesmedjan <a href=\"https:\/\/understandingwar.org\/research\/russia-ukraine\/russian-offensive-campaign-assessment-november-4-2025\/\" rel=\"nofollow noopener\" target=\"_blank\">Institute for the Study of War (ISW) <\/a>med h\u00e4nvisning till bland annat den ukrainska milit\u00e4ra observat\u00f6ren Kostjantyn Mashovets och en rysk milit\u00e4rbloggare.\u00a0<\/p>\n<p>\u201dMashovets har uppgett att Ryssland skickat in Spetsnaz-styrkor f\u00f6r att genomf\u00f6ra de inledande infiltrationsuppdragen och efterf\u00f6ljande \u00f6verraskningsattacker mot ukrainska positioner under den f\u00f6rberedande fasen\u201d, skriver ISW. \u00a0<\/p>\n<p>Det mytomspunna specialf\u00f6rbandet Spetsnaz skapades under Kalla kriget.\u00a0<\/p>\n<p>Det var bland annat Spetsnazsoldater som skickades till Krim \u00e5r 2014 n\u00e4r <a href=\"https:\/\/www.expressen.se\/tagg\/location\/ryssland\/\" class=\"\" rel=\"nofollow noopener\" target=\"_blank\">Ryssland<\/a> tog kontrollen d\u00e4r. De var ocks\u00e5 de som hade i uppgift att tillf\u00e5ngata Ukrainas president Volodymyr Zelenskyj under invasionens f\u00f6rsta dagar, vilket misslyckades. \u00a0<\/p>\n<p>Zelenskyjs bes\u00f6k\u00a0<\/p>\n<p>Volodymyr Zelenskyj bes\u00f6kte i b\u00f6rjan av veckan de ukrainska styrkorna i n\u00e4rheten av Pokrovsk.\u00a0<\/p>\n<p>Han delade ut medaljer till flera soldater i samband med bes\u00f6ket och diskuterade situationen vid frontlinjen.\u00a0<\/p>\n<p>\u201dMycket uppm\u00e4rksamhet \u00e4gnades \u00e5t vapen, \u00f6kad produktion av dr\u00f6nare och brigadernas behov\u201d, <a href=\"https:\/\/x.com\/ZelenskyyUa\/status\/1985782142186766763\" rel=\"nofollow\">skriver Zelenskyj om bes\u00f6ket p\u00e5 X<\/a>.<\/p>\n<p><strong>L\u00c4S MER: <\/strong><a href=\"https:\/\/www.expressen.se\/nyheter\/varlden\/viktiga-pokrovsk-riskerar-att-falla-bortom-kritiskt\/\" class=\"\" rel=\"nofollow noopener\" target=\"_blank\">Viktiga Pokrovsk riskerar att falla: \u201dBortom kritiskt\u201d<\/a><strong>L\u00c4S MER: <\/strong><a href=\"https:\/\/www.expressen.se\/nyheter\/varlden\/putins-taktik-for-att-infiltrera-ukrainas-forsvar\/\" class=\"\" rel=\"nofollow noopener\" target=\"_blank\">Putins taktik f\u00f6r att infiltrera Ukrainas f\u00f6rsvar<\/a><strong>L\u00c4S MER: <\/strong><a href=\"https:\/\/www.expressen.se\/nyheter\/varlden\/de-lever-i-spokstaden--som-putin-desperat-vill-ha\/\" class=\"\" rel=\"nofollow noopener\" target=\"_blank\">De lever i sp\u00f6kstaden  som Putin desperat vill ha<\/a>Enorma tillslaget efter ryska krigsdraget \u2022 Se eldklotet.<\/p>\n","protected":false},"excerpt":{"rendered":"Slaget om strategiskt viktiga Pokrovsk forts\u00e4tter. Staden riskerar att falla i ryska h\u00e4nder. Nu kan Putins elitstyrka Spetsnaz&hellip;\n","protected":false},"author":2,"featured_media":74080,"comment_status":"","ping_status":"","sticky":false,"template":"","format":"standard","meta":{"footnotes":""},"categories":[5],"tags":[22,23,26,27,17,21,24,25,2341,274,202,28,29,15,276,16,18,34,154,31,33,32,30,19,60,20],"class_list":{"0":"post-74079","1":"post","2":"type-post","3":"status-publish","4":"format-standard","5":"has-post-thumbnail","7":"category-rubriker","8":"tag-breaking-news","9":"tag-breakingnews","10":"tag-featured-news","11":"tag-featurednews","12":"tag-headlines","13":"tag-huvudnyheter","14":"tag-latest-news","15":"tag-latestnews","16":"tag-location-donetsk","17":"tag-location-ryssland","18":"tag-location-ukraina","19":"tag-main-news","20":"tag-mainnews","21":"tag-news","22":"tag-newsstory-kriget-i-ukraina","23":"tag-nyheter","24":"tag-rubriker","25":"tag-se","26":"tag-sections-sverige","27":"tag-svenska","28":"tag-sverige","29":"tag-sweden","30":"tag-swedish","31":"tag-top-stories","32":"tag-topic-krig-konflikt","33":"tag-topstories"},"share_on_mastodon":{"url":"https:\/\/pubeurope.com\/@se\/115504569606780209","error":""},"_links":{"self":[{"href":"https:\/\/www.europesays.com\/se\/wp-json\/wp\/v2\/posts\/74079","targetHints":{"allow":["GET"]}}],"collection":[{"href":"https:\/\/www.europesays.com\/se\/wp-json\/wp\/v2\/posts"}],"about":[{"href":"https:\/\/www.europesays.com\/se\/wp-json\/wp\/v2\/types\/post"}],"author":[{"embeddable":true,"href":"https:\/\/www.europesays.com\/se\/wp-json\/wp\/v2\/users\/2"}],"replies":[{"embeddable":true,"href":"https:\/\/www.europesays.com\/se\/wp-json\/wp\/v2\/comments?post=74079"}],"version-history":[{"count":0,"href":"https:\/\/www.europesays.com\/se\/wp-json\/wp\/v2\/posts\/74079\/revisions"}],"wp:featuredmedia":[{"embeddable":true,"href":"https:\/\/www.europesays.com\/se\/wp-json\/wp\/v2\/media\/74080"}],"wp:attachment":[{"href":"https:\/\/www.europesays.com\/se\/wp-json\/wp\/v2\/media?parent=74079"}],"wp:term":[{"taxonomy":"category","embeddable":true,"href":"https:\/\/www.europesays.com\/se\/wp-json\/wp\/v2\/categories?post=74079"},{"taxonomy":"post_tag","embeddable":true,"href":"https:\/\/www.europesays.com\/se\/wp-json\/wp\/v2\/tags?post=74079"}],"curies":[{"name":"wp","href":"https:\/\/api.w.org\/{rel}","templated":true}]}}