{"id":74090,"date":"2025-11-06T20:22:16","date_gmt":"2025-11-06T20:22:16","guid":{"rendered":"https:\/\/www.europesays.com\/se\/74090\/"},"modified":"2025-11-06T20:22:16","modified_gmt":"2025-11-06T20:22:16","slug":"ikea-slapper-nya-smarta-hem-prylar-med-stod-for-matter","status":"publish","type":"post","link":"https:\/\/www.europesays.com\/se\/74090\/","title":{"rendered":"Ikea sl\u00e4pper nya smarta hem-prylar med st\u00f6d f\u00f6r Matter"},"content":{"rendered":"<p>Publicerad 6 nov 2025 kl 20.39<\/p>\n<p>Den svenska m\u00f6belj\u00e4tten Ikea satsar vidare p\u00e5 smarta hem.\u00a0<\/p>\n<p>Under 2026 sl\u00e4pps inte mindre \u00e4n 21 produkter i kategorierna kontroll, belysning och sensorer.\u00a0<\/p>\n<p><img   alt=\"\"\/><\/p>\n<p>Luftkvalitetsm\u00e4taren Alpstuga.<\/p>\n<p>Foto: Ikea<\/p>\n<p>\u00d6ppna bild i helsk\u00e4rm<img loading=\"lazy\"   alt=\"\"\/><\/p>\n<p>Den smarta lampan Kajplats erbjuder fler f\u00e4rgalternativ. H\u00e4r bl\u00e5.<\/p>\n<p>Foto: Per Liedberg \/ Ikea<\/p>\n<p>\u00d6ppna bild i helsk\u00e4rm<img loading=\"lazy\"   alt=\"\"\/><\/p>\n<p>Temperatur- och fuktighetssensorn Timmerflotte.<\/p>\n<p>Foto: Per Liedberg \/ Ikea<\/p>\n<p>\u00d6ppna bild i helsk\u00e4rm<\/p>\n<p><a href=\"https:\/\/www.expressen.se\/tagg\/organization\/ikea\/\" class=\"\" rel=\"nofollow noopener\" target=\"_blank\">Ikeas<\/a> nya Matter-kompatibla produkter kommer att dyka upp med start efter \u00e5rsskiftet. Under namnet Kajplats lanseras ett g\u00e4ng nya smarta lampor som ers\u00e4tter serien Tr\u00e5dfri. De nya lamporna ska bland annat erbjuda fler f\u00e4rgalternativ och ett bredare spann n\u00e4r det handlar om ljusintensiteten.\u00a0<\/p>\n<p>P\u00e5 kontrollsidan dyker det bland annat upp en smart kontakt kallad Grillplats som m\u00e4ter energif\u00f6rbrukning. Den har s\u00e4llskap av en serie fj\u00e4rrkontroller som g\u00e5r under samlingsnamnet Bilresa som kan anv\u00e4ndas f\u00f6r att t\u00e4nda och sl\u00e4cka lampor och \u00e4ndra s\u00e5 kallade scener.\u00a0<\/p>\n<p><img loading=\"lazy\"   alt=\"\"\/><\/p>\n<p>D\u00f6rr- och f\u00f6nstersensorn Myggbett<\/p>\n<p>Foto: Ikea<\/p>\n<p>\u00d6ppna bild i helsk\u00e4rm<\/p>\n<p>P\u00e5 sensorsidan hittar vi allt ifr\u00e5n en luftkvalitetsm\u00e4tare till en d\u00f6rr- och f\u00f6nstersensor samt en r\u00f6relsesensor och sensorer som h\u00e5ller koll p\u00e5 allt fr\u00e5n fuktighet och temperatur till luftkvalitet.\u00a0<\/p>\n<p>Ikeas st\u00f6d f\u00f6r Matter inneb\u00e4r att det blir enklare f\u00f6r konsumenterna att bygga smarta hem baserade p\u00e5 produkter fr\u00e5n flera olika tillverkare och varum\u00e4rken.\u00a0<\/p>\n<p><img loading=\"lazy\"   alt=\"\"\/><\/p>\n<p>Fj\u00e4rrkontrollen Grillplats<\/p>\n<p>Foto: Ikea<\/p>\n<p>\u00d6ppna bild i helsk\u00e4rmVad \u00e4r Matter?<\/p>\n<p>Matter \u00e4r ett protokoll och en \u00f6ppen standard f\u00f6r smarta hem-enheter. Po\u00e4ngen med en standard \u00e4r att skapa interoperabilitet mellan smarta hem- produkter fr\u00e5n olika tillverkare.\u00a0<\/p>\n<p>Flera stora techbolag st\u00e5r bakom just Matter, som ocks\u00e5 \u00e4r den st\u00f6rsta smarta hem-standarden.\u00a0<\/p>\n<p>Visa mer<\/p>\n","protected":false},"excerpt":{"rendered":"Publicerad 6 nov 2025 kl 20.39 Den svenska m\u00f6belj\u00e4tten Ikea satsar vidare p\u00e5 smarta hem.\u00a0 Under 2026 sl\u00e4pps&hellip;\n","protected":false},"author":2,"featured_media":74091,"comment_status":"","ping_status":"","sticky":false,"template":"","format":"standard","meta":{"footnotes":""},"categories":[65],"tags":[72,70,71,4268,34,61,31,33,32,30,63],"class_list":{"0":"post-74090","1":"post","2":"type-post","3":"status-publish","4":"format-standard","5":"has-post-thumbnail","7":"category-ekonomi","8":"tag-business","9":"tag-economy","10":"tag-ekonomi","11":"tag-organization-ikea","12":"tag-se","13":"tag-sections-tech","14":"tag-svenska","15":"tag-sverige","16":"tag-sweden","17":"tag-swedish","18":"tag-topic-teknik-elektronik"},"share_on_mastodon":{"url":"https:\/\/pubeurope.com\/@se\/115504620785476610","error":""},"_links":{"self":[{"href":"https:\/\/www.europesays.com\/se\/wp-json\/wp\/v2\/posts\/74090","targetHints":{"allow":["GET"]}}],"collection":[{"href":"https:\/\/www.europesays.com\/se\/wp-json\/wp\/v2\/posts"}],"about":[{"href":"https:\/\/www.europesays.com\/se\/wp-json\/wp\/v2\/types\/post"}],"author":[{"embeddable":true,"href":"https:\/\/www.europesays.com\/se\/wp-json\/wp\/v2\/users\/2"}],"replies":[{"embeddable":true,"href":"https:\/\/www.europesays.com\/se\/wp-json\/wp\/v2\/comments?post=74090"}],"version-history":[{"count":0,"href":"https:\/\/www.europesays.com\/se\/wp-json\/wp\/v2\/posts\/74090\/revisions"}],"wp:featuredmedia":[{"embeddable":true,"href":"https:\/\/www.europesays.com\/se\/wp-json\/wp\/v2\/media\/74091"}],"wp:attachment":[{"href":"https:\/\/www.europesays.com\/se\/wp-json\/wp\/v2\/media?parent=74090"}],"wp:term":[{"taxonomy":"category","embeddable":true,"href":"https:\/\/www.europesays.com\/se\/wp-json\/wp\/v2\/categories?post=74090"},{"taxonomy":"post_tag","embeddable":true,"href":"https:\/\/www.europesays.com\/se\/wp-json\/wp\/v2\/tags?post=74090"}],"curies":[{"name":"wp","href":"https:\/\/api.w.org\/{rel}","templated":true}]}}