{"id":74096,"date":"2025-11-06T20:27:08","date_gmt":"2025-11-06T20:27:08","guid":{"rendered":"https:\/\/www.europesays.com\/se\/74096\/"},"modified":"2025-11-06T20:27:08","modified_gmt":"2025-11-06T20:27:08","slug":"mats-sundin-tilldelas-borje-salmings-pris-hockey","status":"publish","type":"post","link":"https:\/\/www.europesays.com\/se\/74096\/","title":{"rendered":"Mats Sundin tilldelas B\u00f6rje Salmings pris | Hockey"},"content":{"rendered":"<p>Publicerad 6 nov 2025 kl 18.25Uppdaterad kl 19.45<\/p>\n<p>Mats Sundin beskriver B\u00f6rje Salming som sin mentor.<\/p>\n<p>Nu tilldelas han B\u00f6rje Salming Courage Award 2025.<\/p>\n<p>\u2013 Det k\u00e4nns emotionellt, s\u00e4ger NHL-ikonen.\u00a0<\/p>\n<p><img   alt=\"\"\/><\/p>\n<p>Mats Sundin.<\/p>\n<p>Foto: ANNA-KARIN NILSSON<\/p>\n<p>\u00d6ppna bild i helsk\u00e4rm<img loading=\"lazy\"   alt=\"\"\/><\/p>\n<p>B\u00f6rje Salming.<\/p>\n<p>Foto: JOHANNA LUNDBERG \/ BILDBYR\u00c5N<\/p>\n<p>\u00d6ppna bild i helsk\u00e4rm<\/p>\n<p>Sedan 2023 delar NHLAA (Alumni Association) ut B\u00f6rje Salming Courage Award.\u00a0<\/p>\n<p>Priset tilldelas tidigare NHL-spelare fr\u00e5n Europa som haft en positiv inverkan p\u00e5 ishockeyn.\u00a0<\/p>\n<p><a href=\"https:\/\/www.expressen.se\/tagg\/person\/mats-sundin\/\" class=\"\" rel=\"nofollow noopener\" target=\"_blank\">Mats Sundin<\/a> blir nu den tredje i raden att f\u00e5 utm\u00e4rkelsen.<\/p>\n<p>\u2013 Det k\u00e4nns fantastiskt. Det \u00e4r kul att bli uppm\u00e4rksammad efter karri\u00e4ren. Och att f\u00e5 k\u00e4nna att man l\u00e4mnar n\u00e5got form av avtryck, \u00e4ven om det var l\u00e4nge sedan jag spelade.<\/p>\n<p><img loading=\"lazy\"   alt=\"\"\/><\/p>\n<p>Mats Sundin och B\u00f6rje Salming.<\/p>\n<p>Foto: FRANK GUNN \/ AP TT NYHETSBYR\u00c5N<\/p>\n<p>\u00d6ppna bild i helsk\u00e4rm<img loading=\"lazy\"   alt=\"\"\/><\/p>\n<p>B\u00e5de B\u00f6rje Salming och Mats Sundin har f\u00e5tt sina nummer i taket i Toronto.<\/p>\n<p>Foto: CHRIS TANOUYE \/ BILDBYR\u00c5N<\/p>\n<p>\u00d6ppna bild i helsk\u00e4rm<img loading=\"lazy\"   alt=\"\"\/><\/p>\n<p>Mats Sundin beskriver B\u00f6rje Salming som en mentor under karri\u00e4ren.<\/p>\n<p>Foto: ROGER TILLBERG \/ IBL<\/p>\n<p>\u00d6ppna bild i helsk\u00e4rm<\/p>\n<p>Genom \u00e5ren har Mats Sundin tilldelats dr\u00f6svis med priser. Men just den h\u00e4r utm\u00e4rkelsen ber\u00f6r extra, medger han.<\/p>\n<p>\u2013 Det \u00e4r v\u00e4ldigt speciellt och det k\u00e4nns emotionellt ocks\u00e5, med tanke p\u00e5 B\u00f6rjes kamp med ALS och att jag nu sj\u00e4lv \u00e4r med i B\u00f6rje Salmings ALS-stiftelse, s\u00e4ger Sundin.<\/p>\n<p>Ber\u00e4ttar om relationen till Salming: \u201dV\u00e4ldigt personligt\u201d<\/p>\n<p>Han beskriver hur B\u00f6rje Salming agerade som en inspirerande mentor f\u00f6r honom under NHL-karri\u00e4ren i Toronto Maple Leafs.<\/p>\n<p>\u2013 Det jag gillade med B\u00f6rje som spelare var att han var en superstj\u00e4rna \u2013 men han bem\u00f6tte alla m\u00e4nniskor p\u00e5 samma s\u00e4tt. Det spelade ingen roll om det var vaktm\u00e4staren och materialf\u00f6rvaltaren i ishallen eller superstj\u00e4rnor i andra lag.\u00a0<\/p>\n<p>Sundin blev inspirerad av Salmings \u00f6ppna famn och utstr\u00e5lning. Samtidigt ser han likheter mellan dem.\u00a0<\/p>\n<p>\u2013 Min mor \u00e4r uppe fr\u00e5n Tornedalen och B\u00f6rje fr\u00e5n Kiruna. S\u00e5 det fanns n\u00e5gon typ av igenk\u00e4nnande bakgrund d\u00e4r. Och det \u00e4r v\u00e4ldigt personligt f\u00f6r min del. Lite med hur de \u00e4r d\u00e4r uppe i Norrbotten och jag tycker ju att man blir mer s\u00e5 med \u00e5ren ocks\u00e5, s\u00e4ger Sundin och utvecklar:<\/p>\n<p>\u2013 Det beh\u00f6ver inte s\u00e4gas s\u00e5 mycket. Det \u00e4r lite f\u00e5ordigt kanske, som m\u00e4nniskor s\u00f6derifr\u00e5n kanske tycker \u00e4r lite tr\u00e5kigt. Men f\u00f6r mig var det n\u00e5got igenk\u00e4nnande.<\/p>\n<p>Sedan tidigare har Nicklas Lidstr\u00f6m och Jari Kurri tilldelats B\u00f6rje Salming Courage Award.<\/p>\n<p><a href=\"https:\/\/www.instagram.com\/p\/DQsW8HVDI_d\/\" data-provider=\"instagram\" class=\"js-social-embed\" rel=\"nofollow noopener\" target=\"_blank\">https:\/\/www.instagram.com\/p\/DQsW8HVDI_d\/<\/a><script async src=\"\/\/www.instagram.com\/embed.js\"><\/script><\/p>\n","protected":false},"excerpt":{"rendered":"Publicerad 6 nov 2025 kl 18.25Uppdaterad kl 19.45 Mats Sundin beskriver B\u00f6rje Salming som sin mentor. Nu tilldelas&hellip;\n","protected":false},"author":2,"featured_media":74097,"comment_status":"","ping_status":"","sticky":false,"template":"","format":"standard","meta":{"footnotes":""},"categories":[68],"tags":[6629,3978,34,255,111,110,31,33,32,30],"class_list":{"0":"post-74096","1":"post","2":"type-post","3":"status-publish","4":"format-standard","5":"has-post-thumbnail","7":"category-sport","8":"tag-person-borje-salming","9":"tag-person-mats-sundin","10":"tag-se","11":"tag-sections-ishockey","12":"tag-sport","13":"tag-sports","14":"tag-svenska","15":"tag-sverige","16":"tag-sweden","17":"tag-swedish"},"share_on_mastodon":{"url":"https:\/\/pubeurope.com\/@se\/115504640362647939","error":""},"_links":{"self":[{"href":"https:\/\/www.europesays.com\/se\/wp-json\/wp\/v2\/posts\/74096","targetHints":{"allow":["GET"]}}],"collection":[{"href":"https:\/\/www.europesays.com\/se\/wp-json\/wp\/v2\/posts"}],"about":[{"href":"https:\/\/www.europesays.com\/se\/wp-json\/wp\/v2\/types\/post"}],"author":[{"embeddable":true,"href":"https:\/\/www.europesays.com\/se\/wp-json\/wp\/v2\/users\/2"}],"replies":[{"embeddable":true,"href":"https:\/\/www.europesays.com\/se\/wp-json\/wp\/v2\/comments?post=74096"}],"version-history":[{"count":0,"href":"https:\/\/www.europesays.com\/se\/wp-json\/wp\/v2\/posts\/74096\/revisions"}],"wp:featuredmedia":[{"embeddable":true,"href":"https:\/\/www.europesays.com\/se\/wp-json\/wp\/v2\/media\/74097"}],"wp:attachment":[{"href":"https:\/\/www.europesays.com\/se\/wp-json\/wp\/v2\/media?parent=74096"}],"wp:term":[{"taxonomy":"category","embeddable":true,"href":"https:\/\/www.europesays.com\/se\/wp-json\/wp\/v2\/categories?post=74096"},{"taxonomy":"post_tag","embeddable":true,"href":"https:\/\/www.europesays.com\/se\/wp-json\/wp\/v2\/tags?post=74096"}],"curies":[{"name":"wp","href":"https:\/\/api.w.org\/{rel}","templated":true}]}}