{"id":74210,"date":"2025-11-07T01:14:09","date_gmt":"2025-11-07T01:14:09","guid":{"rendered":"https:\/\/www.europesays.com\/se\/74210\/"},"modified":"2025-11-07T01:14:09","modified_gmt":"2025-11-07T01:14:09","slug":"vi-forsokte-banda-upp-dorren-men-den-rorde-sig-inte","status":"publish","type":"post","link":"https:\/\/www.europesays.com\/se\/74210\/","title":{"rendered":"\u201dVi f\u00f6rs\u00f6kte b\u00e4nda upp d\u00f6rren men den r\u00f6rde sig inte\u201d"},"content":{"rendered":"<p>D\u00f6dsiffran i Filippinerna har \u00f6verstigit 140 personer sedan tyfonen Kalmaegi svepte \u00f6ver landet. <\/p>\n<p>Den 42-\u00e5riga tv\u00e5barnspappan Chyros Roai i staden Liloan, som AFP har pratat med, ber\u00e4ttar att hans familj lyckades fly f\u00f6r att de v\u00e4cktes av en sk\u00e4llande hund n\u00e4r vatten b\u00f6rjade forsa in i deras hem. De lyckades kl\u00e4ttra upp p\u00e5 taket. <\/p>\n<p>\u2013 Str\u00f6mmen var riktigt stark. Vi f\u00f6rs\u00f6kte ringa efter r\u00e4ddningstj\u00e4nst, men ingen kom. Vi fick veta att r\u00e4ddningsarbetarna hade svepts med av str\u00f6mmen, s\u00e4ger han.<\/p>\n<p>Christine Aton ber\u00e4ttar att hennes syster, som har en funktionsneds\u00e4ttning, blev inst\u00e4ngd i sitt sovrum och d\u00f6rren kunde inte \u00f6ppnas p\u00e5 grund av allt vatten. <\/p>\n<p>\u2013 Vi f\u00f6rs\u00f6kte b\u00e4nda upp hennes sovrumsd\u00f6rr med en k\u00f6kskniv och en kofot, men den r\u00f6rde sig inte&#8230; Sedan b\u00f6rjade kylsk\u00e5pet flyta. <\/p>\n<p>Hon och hennes pappa tvingades simma ut genom ett f\u00f6nster f\u00f6r att inte drunkna.<\/p>\n<p>Omni \u00e4r politiskt obundna och oberoende. Vi str\u00e4var efter att ge fler perspektiv p\u00e5 nyheterna. Har du fr\u00e5gor eller synpunkter kring v\u00e5r rapportering? <a href=\"https:\/\/omni.se\/vi-forsokte-banda-upp-dorren-men-den-rorde-sig-inte\/a\/mailto:redaktion@omni.se\" class=\"ArticleActions_contactLink__W2F1M\" rel=\"nofollow noopener\" target=\"_blank\">Kontakta redaktionen<\/a><\/p>\n","protected":false},"excerpt":{"rendered":"D\u00f6dsiffran i Filippinerna har \u00f6verstigit 140 personer sedan tyfonen Kalmaegi svepte \u00f6ver landet. Den 42-\u00e5riga tv\u00e5barnspappan Chyros Roai&hellip;\n","protected":false},"author":2,"featured_media":74211,"comment_status":"","ping_status":"","sticky":false,"template":"","format":"standard","meta":{"footnotes":""},"categories":[14],"tags":[420,22,23,26,27,3921,17,21,24,25,28,29,15,16,18,34,31,33,32,30,19,20,51,6012,52,53,54],"class_list":{"0":"post-74210","1":"post","2":"type-post","3":"status-publish","4":"format-standard","5":"has-post-thumbnail","7":"category-varlden","8":"tag-asien","9":"tag-breaking-news","10":"tag-breakingnews","11":"tag-featured-news","12":"tag-featurednews","13":"tag-filippinerna","14":"tag-headlines","15":"tag-huvudnyheter","16":"tag-latest-news","17":"tag-latestnews","18":"tag-main-news","19":"tag-mainnews","20":"tag-news","21":"tag-nyheter","22":"tag-rubriker","23":"tag-se","24":"tag-svenska","25":"tag-sverige","26":"tag-sweden","27":"tag-swedish","28":"tag-top-stories","29":"tag-topstories","30":"tag-varlden","31":"tag-vietnam","32":"tag-world","33":"tag-world-news","34":"tag-worldnews"},"share_on_mastodon":{"url":"https:\/\/pubeurope.com\/@se\/115505768927429725","error":""},"_links":{"self":[{"href":"https:\/\/www.europesays.com\/se\/wp-json\/wp\/v2\/posts\/74210","targetHints":{"allow":["GET"]}}],"collection":[{"href":"https:\/\/www.europesays.com\/se\/wp-json\/wp\/v2\/posts"}],"about":[{"href":"https:\/\/www.europesays.com\/se\/wp-json\/wp\/v2\/types\/post"}],"author":[{"embeddable":true,"href":"https:\/\/www.europesays.com\/se\/wp-json\/wp\/v2\/users\/2"}],"replies":[{"embeddable":true,"href":"https:\/\/www.europesays.com\/se\/wp-json\/wp\/v2\/comments?post=74210"}],"version-history":[{"count":0,"href":"https:\/\/www.europesays.com\/se\/wp-json\/wp\/v2\/posts\/74210\/revisions"}],"wp:featuredmedia":[{"embeddable":true,"href":"https:\/\/www.europesays.com\/se\/wp-json\/wp\/v2\/media\/74211"}],"wp:attachment":[{"href":"https:\/\/www.europesays.com\/se\/wp-json\/wp\/v2\/media?parent=74210"}],"wp:term":[{"taxonomy":"category","embeddable":true,"href":"https:\/\/www.europesays.com\/se\/wp-json\/wp\/v2\/categories?post=74210"},{"taxonomy":"post_tag","embeddable":true,"href":"https:\/\/www.europesays.com\/se\/wp-json\/wp\/v2\/tags?post=74210"}],"curies":[{"name":"wp","href":"https:\/\/api.w.org\/{rel}","templated":true}]}}