{"id":74289,"date":"2025-11-07T05:51:18","date_gmt":"2025-11-07T05:51:18","guid":{"rendered":"https:\/\/www.europesays.com\/se\/74289\/"},"modified":"2025-11-07T05:51:18","modified_gmt":"2025-11-07T05:51:18","slug":"forsta-titten-pa-michael-filmen-om-michael-jackson","status":"publish","type":"post","link":"https:\/\/www.europesays.com\/se\/74289\/","title":{"rendered":"F\u00f6rsta titten p\u00e5 Michael \u2013 filmen om Michael Jackson"},"content":{"rendered":"<p>Publicerad 6 nov 2025 kl 17.13<\/p>\n<p>En legend till artist.\u00a0<\/p>\n<p>En omstridd person.\u00a0<\/p>\n<p>H\u00e4r \u00e4r f\u00f6rst titt p\u00e5 \u201dMichael\u201d, filmen som ska ber\u00e4tta om Michael Jacksons liv och karri\u00e4r.\u00a0<\/p>\n<p><img   alt=\"\"\/><\/p>\n<p>Jaafar Jackson g\u00f6r rollen som Michael Jackson i filmen \u201dMichael\u201d.<\/p>\n<p>Foto: Lionsgate<\/p>\n<p>\u00d6ppna bild i helsk\u00e4rm<\/p>\n<p>Det \u00e4r <a href=\"https:\/\/www.expressen.se\/tagg\/person\/michael-jackson\/\" class=\"\" rel=\"nofollow noopener\" target=\"_blank\">Michael Jacksons<\/a> brorson Jaafar Jackson som g\u00f6r rollen som poplegenden i filmen som f\u00e5tt titeln \u201dMichael\u201d.\u00a0<\/p>\n<p>Nu finns en f\u00f6rsta trailer som visar vad som v\u00e4ntar.\u00a0<\/p>\n<p>Tanken var att \u201dMichael\u201d skulle ha haft biopremi\u00e4r under h\u00f6sten. Filmen flyttades fram till senv\u00e5ren 2026. Beskedet kom efter att det stod klart att flera scener skulle g\u00f6ras p\u00e5 nytt.\u00a0<\/p>\n<p>Merparten av inspelningen avslutades i maj 2024.\u00a0<\/p>\n<p>N\u00e4r det g\u00e4ller handlingen skvallrar filmens synopsis om att \u201dMichael\u201d ska f\u00f6lja Michael Jacksons resa till att bli \u201dthe king of pop\u201d.\u00a0<\/p>\n<p>Ut\u00f6ver det lovas ett \u201dn\u00e4ra portr\u00e4tt av livet f\u00f6r en de mest inflyttelserika artisterna n\u00e5gonsin\u201d samt scener som ska f\u00e5nga \u201dn\u00e5gra av Michael Jacksons mest ikoniska framtr\u00e4danden fr\u00e5n starten av hans solokarri\u00e4r\u201d.\u00a0<\/p>\n<p><img loading=\"lazy\"   alt=\"\"\/><\/p>\n<p>Antoine Fuqua regisserar \u201dMichael\u201d, filmen om Michael Jacksons karri\u00e4r.<\/p>\n<p>Foto: Lionsgate<\/p>\n<p>\u00d6ppna bild i helsk\u00e4rm<img loading=\"lazy\"   alt=\"\"\/><\/p>\n<p>Michael Jackson gick bort sommaren 2009.<\/p>\n<p>Foto: KEVORK DJANSEZIAN \/ AP<\/p>\n<p>\u00d6ppna bild i helsk\u00e4rmDe \u00e4r med i filmen om Michael Jackson<\/p>\n<p>Ut\u00f6ver Jaafar Jackson finns bland andra Miles Teller, Colman Domingo och Nia Long p\u00e5 rollistan. Trion spelar Michael Jacksons advokat John Branca, hans far Joe Jackson respektive hans mor Katherine Jackson.\u00a0<\/p>\n<p>I ensemblen hittas \u00e4ven Kat Graham som Diana Ross, Jessica Sula som LaToya Jackson och Kendrick Sampson som Quincy Jones.\u00a0<\/p>\n<p>John Logan har skrivit manus till \u201dMichael\u201d, som Antoine Fuqua regisserar.\u00a0<\/p>\n<p>Michael Jackson gick bort i juni 2009. Poplegenden blev 50 \u00e5r gammal. \u00a0<\/p>\n<p><a href=\"https:\/\/www.youtube.com\/watch?v=723RZxnDWKE&amp;t=52s\" data-provider=\"youtube\" class=\"js-social-embed\" rel=\"nofollow noopener\" target=\"_blank\">https:\/\/www.youtube.com\/watch?v=723RZxnDWKE&amp;t=52s<\/a><\/p>\n","protected":false},"excerpt":{"rendered":"Publicerad 6 nov 2025 kl 17.13 En legend till artist.\u00a0 En omstridd person.\u00a0 H\u00e4r \u00e4r f\u00f6rst titt p\u00e5&hellip;\n","protected":false},"author":2,"featured_media":74290,"comment_status":"","ping_status":"","sticky":false,"template":"","format":"standard","meta":{"footnotes":""},"categories":[67],"tags":[104,2449,34,770,31,33,32,30,646,105],"class_list":{"0":"post-74289","1":"post","2":"type-post","3":"status-publish","4":"format-standard","5":"has-post-thumbnail","7":"category-underhallning","8":"tag-entertainment","9":"tag-person-michael-jackson","10":"tag-se","11":"tag-sections-film","12":"tag-svenska","13":"tag-sverige","14":"tag-sweden","15":"tag-swedish","16":"tag-topic-tv-serier","17":"tag-underhallning"},"share_on_mastodon":{"url":"https:\/\/pubeurope.com\/@se\/115506858138944621","error":""},"_links":{"self":[{"href":"https:\/\/www.europesays.com\/se\/wp-json\/wp\/v2\/posts\/74289","targetHints":{"allow":["GET"]}}],"collection":[{"href":"https:\/\/www.europesays.com\/se\/wp-json\/wp\/v2\/posts"}],"about":[{"href":"https:\/\/www.europesays.com\/se\/wp-json\/wp\/v2\/types\/post"}],"author":[{"embeddable":true,"href":"https:\/\/www.europesays.com\/se\/wp-json\/wp\/v2\/users\/2"}],"replies":[{"embeddable":true,"href":"https:\/\/www.europesays.com\/se\/wp-json\/wp\/v2\/comments?post=74289"}],"version-history":[{"count":0,"href":"https:\/\/www.europesays.com\/se\/wp-json\/wp\/v2\/posts\/74289\/revisions"}],"wp:featuredmedia":[{"embeddable":true,"href":"https:\/\/www.europesays.com\/se\/wp-json\/wp\/v2\/media\/74290"}],"wp:attachment":[{"href":"https:\/\/www.europesays.com\/se\/wp-json\/wp\/v2\/media?parent=74289"}],"wp:term":[{"taxonomy":"category","embeddable":true,"href":"https:\/\/www.europesays.com\/se\/wp-json\/wp\/v2\/categories?post=74289"},{"taxonomy":"post_tag","embeddable":true,"href":"https:\/\/www.europesays.com\/se\/wp-json\/wp\/v2\/tags?post=74289"}],"curies":[{"name":"wp","href":"https:\/\/api.w.org\/{rel}","templated":true}]}}