{"id":74320,"date":"2025-11-07T06:50:08","date_gmt":"2025-11-07T06:50:08","guid":{"rendered":"https:\/\/www.europesays.com\/se\/74320\/"},"modified":"2025-11-07T06:50:08","modified_gmt":"2025-11-07T06:50:08","slug":"svenskkontrollerade-gunvor-drar-tillbaka-bud-pa-rysk-oljejatte","status":"publish","type":"post","link":"https:\/\/www.europesays.com\/se\/74320\/","title":{"rendered":"Svenskkontrollerade Gunvor drar tillbaka bud p\u00e5 rysk oljej\u00e4tte"},"content":{"rendered":"<p><strong>\u201dGunvor kommer aldrig <\/strong>att f\u00e5 licens och till\u00e5tas att verka s\u00e5 l\u00e4nge Putins hejdl\u00f6sa m\u00f6rdande p\u00e5g\u00e5r.\u201d<\/p>\n<p>S\u00e5 skriver det amerikanska finansdepartementet i ett inl\u00e4gg p\u00e5 sociala medier p\u00e5 torsdagskv\u00e4llen.<\/p>\n<p>Departementet kallar vidare den svenskledda oljehandlaren f\u00f6r \u201dKremls nickedocka\u201d och upprepar president Donald Trumps krav om att kriget i Ukraina m\u00e5ste upph\u00f6ra omedelbart.<\/p>\n<p><strong>Utspelet syftar till att<\/strong> Gunvor Group, \u00e4gt och lett av svensken Torbj\u00f6rn T\u00f6rnqvist, i f\u00f6rra veckan lade bud p\u00e5 den ryska oljej\u00e4tten Lukoils internationella verksamhet. Detta efter att USA belagt oljeproducenterna Lukoil och Rosneft med sanktioner.<\/p>\n<p>Medan Gunvor Group via kommunikationschef Seth Pietras tillbakavisar utspelet som \u201dfundamentalt vilseledande och falsk\u201d s\u00e5 har det valt att dra tillbaka budet p\u00e5 Lukoil.<\/p>\n<p>Ofac (Office of Foreign Asset Control), den amerikanska sanktionsmyndighet som formellt har mandatet att bevilja undantag fr\u00e5n sanktioner, har inte kommit med n\u00e5got uttalande.<\/p>\n<p><strong>Gunvor har de senaste <\/strong>tio \u00e5ren f\u00f6rs\u00f6kt distansera sig fr\u00e5n Kreml. Under 2014, i samband med Euromajdan och den ryska annekteringen av Krimhalv\u00f6n och stora delar av Donbass i \u00f6stra Ukraina, belades Gunvors medgrundare, ryssen Gennadij Timtjenko, med sanktioner av USA. Timtjenko \u00e4r v\u00e4n med den ryske diktatorn Vladimir Putin, enligt nyhetsbyr\u00e5n Bloomberg, och det p\u00e5stods vid tillf\u00e4llet att Putin sj\u00e4lv var investerad i bolaget.<\/p>\n<p><img loading=\"lazy\" decoding=\"async\" class=\"image__el\" src=\"https:\/\/www.europesays.com\/se\/wp-content\/uploads\/2025\/11\/f3305dd2-c515-4306-99dd-fa71b7f98647.jpeg\"   height=\"1920\" width=\"1456\" alt=\"Gennadij Timtjenko har n\u00e4ra band till den ryske diktatorn Vladimir Putin och var tidigare ordf\u00f6rande f\u00f6r den ryska hockeyligan KHL.\" onerror=\"this.style.visibility='hidden'; this.classList.add('load-error')\"\/>Gennadij Timtjenko har n\u00e4ra band till den ryske diktatorn Vladimir Putin och var tidigare ordf\u00f6rande f\u00f6r den ryska hockeyligan KHL.Foto: Alexander Nikolayev<\/p>\n<p>De uppgifterna tillbakavisades d\u00e5 av bolaget och Torbj\u00f6rn T\u00f6rnqvist valde att l\u00f6sa den gordiska knuten genom att k\u00f6pa ut sin ryske kumpan.\u00a0<\/p>\n<p>\u201dGunvor har alltid varit transparent med sitt \u00e4garskap och sin aff\u00e4r. I mer \u00e4n ett decennie har det distanserat sig fr\u00e5n Ryssland, slutat handla i linje med sanktionerna, s\u00e5lt ryska tillg\u00e5ngar och publikt f\u00f6rd\u00f6mt kriget i Ukraina\u201d, heter det i ett uttalande fr\u00e5n Gunvor.<\/p>\n<p><strong>Samtidigt har det<\/strong> florerat uppgifter fr\u00e5n bankirer och insynspersoner att Gunvors eventuella f\u00f6rv\u00e4rv av Lukoil skulle bli sv\u00e5rt att genomf\u00f6ra, med h\u00e4nvisning till att det \u00e4r f\u00f6r stort f\u00f6r bolaget att l\u00e5na sig till, skriver Reuters. \u00a0<\/p>\n","protected":false},"excerpt":{"rendered":"\u201dGunvor kommer aldrig att f\u00e5 licens och till\u00e5tas att verka s\u00e5 l\u00e4nge Putins hejdl\u00f6sa m\u00f6rdande p\u00e5g\u00e5r.\u201d S\u00e5 skriver&hellip;\n","protected":false},"author":2,"featured_media":74321,"comment_status":"","ping_status":"","sticky":false,"template":"","format":"standard","meta":{"footnotes":""},"categories":[14],"tags":[22,23,26,27,17,21,24,25,28,29,15,16,18,34,31,33,32,30,19,20,51,52,53,54],"class_list":{"0":"post-74320","1":"post","2":"type-post","3":"status-publish","4":"format-standard","5":"has-post-thumbnail","7":"category-varlden","8":"tag-breaking-news","9":"tag-breakingnews","10":"tag-featured-news","11":"tag-featurednews","12":"tag-headlines","13":"tag-huvudnyheter","14":"tag-latest-news","15":"tag-latestnews","16":"tag-main-news","17":"tag-mainnews","18":"tag-news","19":"tag-nyheter","20":"tag-rubriker","21":"tag-se","22":"tag-svenska","23":"tag-sverige","24":"tag-sweden","25":"tag-swedish","26":"tag-top-stories","27":"tag-topstories","28":"tag-varlden","29":"tag-world","30":"tag-world-news","31":"tag-worldnews"},"share_on_mastodon":{"url":"https:\/\/pubeurope.com\/@se\/115507090205904073","error":""},"_links":{"self":[{"href":"https:\/\/www.europesays.com\/se\/wp-json\/wp\/v2\/posts\/74320","targetHints":{"allow":["GET"]}}],"collection":[{"href":"https:\/\/www.europesays.com\/se\/wp-json\/wp\/v2\/posts"}],"about":[{"href":"https:\/\/www.europesays.com\/se\/wp-json\/wp\/v2\/types\/post"}],"author":[{"embeddable":true,"href":"https:\/\/www.europesays.com\/se\/wp-json\/wp\/v2\/users\/2"}],"replies":[{"embeddable":true,"href":"https:\/\/www.europesays.com\/se\/wp-json\/wp\/v2\/comments?post=74320"}],"version-history":[{"count":0,"href":"https:\/\/www.europesays.com\/se\/wp-json\/wp\/v2\/posts\/74320\/revisions"}],"wp:featuredmedia":[{"embeddable":true,"href":"https:\/\/www.europesays.com\/se\/wp-json\/wp\/v2\/media\/74321"}],"wp:attachment":[{"href":"https:\/\/www.europesays.com\/se\/wp-json\/wp\/v2\/media?parent=74320"}],"wp:term":[{"taxonomy":"category","embeddable":true,"href":"https:\/\/www.europesays.com\/se\/wp-json\/wp\/v2\/categories?post=74320"},{"taxonomy":"post_tag","embeddable":true,"href":"https:\/\/www.europesays.com\/se\/wp-json\/wp\/v2\/tags?post=74320"}],"curies":[{"name":"wp","href":"https:\/\/api.w.org\/{rel}","templated":true}]}}