{"id":74322,"date":"2025-11-07T06:52:09","date_gmt":"2025-11-07T06:52:09","guid":{"rendered":"https:\/\/www.europesays.com\/se\/74322\/"},"modified":"2025-11-07T06:52:09","modified_gmt":"2025-11-07T06:52:09","slug":"ap7s-storsta-oljeinnehav-vill-utoka-oljeproduktionen","status":"publish","type":"post","link":"https:\/\/www.europesays.com\/se\/74322\/","title":{"rendered":"AP7:s st\u00f6rsta oljeinnehav vill ut\u00f6ka oljeproduktionen"},"content":{"rendered":"<p>Sjunde AP-fondens tre st\u00f6rsta oljeinnehav planerar samtliga att ut\u00f6ka sin oljeutvinning. Tv\u00e4rtemot den statliga fondj\u00e4ttens planer att styra bolagen i en mer h\u00e5llbar riktning, rapporterar Ekot. <\/p>\n<p>Brittiska BP, som AP7 \u00e4r \u00e4gare i, \u00f6vergav tidigare i \u00e5r sitt utsl\u00e4ppsm\u00e5l f\u00f6r 2030. Bolaget l\u00e4t inte heller aktie\u00e4garna r\u00f6sta p\u00e5 st\u00e4mman n\u00e4r klimatm\u00e5l \u00f6vergavs. \u00c4ven Totalenergies och Chevron har b\u00e5da planer p\u00e5 att ut\u00f6ka sin oljeproduktion.  <\/p>\n<p>Enligt Mikael Lindh H\u00f6k, tillf\u00f6rordnad vd p\u00e5 Sjunde AP-fonden, p\u00e5g\u00e5r en granskning av flera kol- och oljebolag som v\u00e4ntas bli klar i december.  <\/p>\n<p>\u2013 De h\u00e4r tre bolagen \u00e4r s\u00e4kert precis de som vi tittar p\u00e5 extra noga. Om man ska expandera sin fossila verksamhet, det \u00e4r inte f\u00f6renligt med nettonollutsl\u00e4ppsm\u00e5l 2050, s\u00e4ger han. <\/p>\n<p>Omni \u00e4r politiskt obundna och oberoende. Vi str\u00e4var efter att ge fler perspektiv p\u00e5 nyheterna. Har du fr\u00e5gor eller synpunkter kring v\u00e5r rapportering? <a href=\"https:\/\/omni.se\/ap7-s-storsta-oljeinnehav-vill-utoka-oljeproduktionen\/a\/mailto:redaktion@omni.se\" class=\"ArticleActions_contactLink__W2F1M\" rel=\"nofollow noopener\" target=\"_blank\">Kontakta redaktionen<\/a><\/p>\n","protected":false},"excerpt":{"rendered":"Sjunde AP-fondens tre st\u00f6rsta oljeinnehav planerar samtliga att ut\u00f6ka sin oljeutvinning. Tv\u00e4rtemot den statliga fondj\u00e4ttens planer att styra&hellip;\n","protected":false},"author":2,"featured_media":74323,"comment_status":"","ping_status":"","sticky":false,"template":"","format":"standard","meta":{"footnotes":""},"categories":[5],"tags":[6639,1695,22,23,291,6640,6638,26,27,5040,17,21,24,25,28,29,15,16,6637,18,34,1696,31,33,32,30,19,20],"class_list":{"0":"post-74322","1":"post","2":"type-post","3":"status-publish","4":"format-standard","5":"has-post-thumbnail","7":"category-rubriker","8":"tag-amazonas","9":"tag-ap-fonderna","10":"tag-breaking-news","11":"tag-breakingnews","12":"tag-energi-ravaror","13":"tag-equinor-tidigare-statoil","14":"tag-fair-finance-guide","15":"tag-featured-news","16":"tag-featurednews","17":"tag-fonder","18":"tag-headlines","19":"tag-huvudnyheter","20":"tag-latest-news","21":"tag-latestnews","22":"tag-main-news","23":"tag-mainnews","24":"tag-news","25":"tag-nyheter","26":"tag-petrobras","27":"tag-rubriker","28":"tag-se","29":"tag-sjunde-ap-fonden","30":"tag-svenska","31":"tag-sverige","32":"tag-sweden","33":"tag-swedish","34":"tag-top-stories","35":"tag-topstories"},"share_on_mastodon":{"url":"https:\/\/pubeurope.com\/@se\/115507097946428337","error":""},"_links":{"self":[{"href":"https:\/\/www.europesays.com\/se\/wp-json\/wp\/v2\/posts\/74322","targetHints":{"allow":["GET"]}}],"collection":[{"href":"https:\/\/www.europesays.com\/se\/wp-json\/wp\/v2\/posts"}],"about":[{"href":"https:\/\/www.europesays.com\/se\/wp-json\/wp\/v2\/types\/post"}],"author":[{"embeddable":true,"href":"https:\/\/www.europesays.com\/se\/wp-json\/wp\/v2\/users\/2"}],"replies":[{"embeddable":true,"href":"https:\/\/www.europesays.com\/se\/wp-json\/wp\/v2\/comments?post=74322"}],"version-history":[{"count":0,"href":"https:\/\/www.europesays.com\/se\/wp-json\/wp\/v2\/posts\/74322\/revisions"}],"wp:featuredmedia":[{"embeddable":true,"href":"https:\/\/www.europesays.com\/se\/wp-json\/wp\/v2\/media\/74323"}],"wp:attachment":[{"href":"https:\/\/www.europesays.com\/se\/wp-json\/wp\/v2\/media?parent=74322"}],"wp:term":[{"taxonomy":"category","embeddable":true,"href":"https:\/\/www.europesays.com\/se\/wp-json\/wp\/v2\/categories?post=74322"},{"taxonomy":"post_tag","embeddable":true,"href":"https:\/\/www.europesays.com\/se\/wp-json\/wp\/v2\/tags?post=74322"}],"curies":[{"name":"wp","href":"https:\/\/api.w.org\/{rel}","templated":true}]}}