{"id":74328,"date":"2025-11-07T07:07:19","date_gmt":"2025-11-07T07:07:19","guid":{"rendered":"https:\/\/www.europesays.com\/se\/74328\/"},"modified":"2025-11-07T07:07:19","modified_gmt":"2025-11-07T07:07:19","slug":"rfs-ja-till-humanitar-vapenvila-i-sudan","status":"publish","type":"post","link":"https:\/\/www.europesays.com\/se\/74328\/","title":{"rendered":"RFS: Ja till humanit\u00e4r vapenvila i Sudan"},"content":{"rendered":"<p>            <a href=\"https:\/\/tidningensyre.se\/sektion\/radar\/\" class=\"article__breadcrumb-link article__breadcrumb-link--magenta\" rel=\"nofollow noopener\" target=\"_blank\">Radar<\/a><br \/>\n             \u00b7 Fred<\/p>\n<p>\n            Publicerad 15 timmar sedan\n        <\/p>\n<p>\n                    Ett litet barn f\u00e5r v\u00e5rd i ett flyktingl\u00e4ger i Sudan. Familjen flydde fr\u00e5n staden el-Fasher efter att RFS hade tagit \u00f6ver den. Foto: Mohammed Abaker\/AP\/TT\n            <\/p>\n<p class=\"article__sublead\">Den paramilit\u00e4ra gruppen RSF i Sudan har g\u00e5tt med p\u00e5 humanit\u00e4r vapenvila efter medling som letts av USA, rapporterar <a href=\"https:\/\/apnews.com\/article\/sudan-talks-paramilitaries-agrees-truce-c264940722f044e334879f29f527fccc\" rel=\"nofollow noopener\" target=\"_blank\">nyhetsbyr\u00e5n AP<\/a>.<\/p>\n<p class=\"article__paragraph\">Beslutet kommer drygt en vecka efter att paramilit\u00e4ren RSF tagit kontroll \u00f6ver staden el-Fasher i v\u00e4stra Darfur. Staden var den sudanesiska milit\u00e4rens sista f\u00e4ste i regionen, och de kan endast t\u00e4nka sig att godta en vapenvila som inneb\u00e4r att RSF drar sig tillbaka fr\u00e5n civila omr\u00e5den och l\u00e4mnar ifr\u00e5n sig sina vapen, uppger en talesperson f\u00f6r AP.<\/p>\n<p class=\"article__paragraph\">Innan RSF tog \u00f6ver el-Fasher hade gruppen bel\u00e4grat staden i \u00f6ver 18 m\u00e5nader. Efter \u00f6vertagandet befaras de ha d\u00f6dat majoriteten av inv\u00e5narna.<\/p>\n<p class=\"article__paragraph\">\u2013 Under de 26 \u00e5r jag arbetat med det h\u00e4r har jag aldrig sett v\u00e5ld spridas med en s\u00e5dan hastighet. Vi kan ha fler d\u00f6da p\u00e5 marken i al-Fashir i b\u00f6rjan av n\u00e4sta vecka \u00e4n vad som d\u00f6dats under tv\u00e5 \u00e5rs strider i Gaza, sa Nathaniel Raymond, chefen f\u00f6r Humanitarian research lab (HRL), som dokumenterat de RSF-ledda massakrerna\u00a0<a href=\"https:\/\/observer.co.uk\/listen\/daily-sensemaker\/bloodbath-in-sudan\" target=\"_blank\" rel=\"noopener nofollow\">till brittiska The Observer<\/a> i f\u00f6rra veckan.<\/p>\n<p class=\"article__paragraph\">Organisationen Svenska freds har kritiserat Sverige f\u00f6r vapenexporten till F\u00f6renade arabemiraten, som \u00e4r ett av l\u00e4nderna som f\u00f6rser RFS med vapen. \u00c4ven om inget tyder p\u00e5 att svenska vapen hamnat i RFS:s h\u00e4nder kan det vara ett s\u00e4tt att markera en r\u00f6d linje, har ordf\u00f6rande Kerstin Berge\u00e5, tidigare sagt till <a href=\"https:\/\/www.expressen.se\/nyheter\/politik\/kritiken-mot-sveriges-vapenexport-efter-massakern-i-sudan\/\" target=\"_blank\" rel=\"noopener nofollow\">Expressen<\/a>.<\/p>\n","protected":false},"excerpt":{"rendered":"Radar \u00b7 Fred Publicerad 15 timmar sedan Ett litet barn f\u00e5r v\u00e5rd i ett flyktingl\u00e4ger i Sudan. Familjen&hellip;\n","protected":false},"author":2,"featured_media":74329,"comment_status":"","ping_status":"","sticky":false,"template":"","format":"standard","meta":{"footnotes":""},"categories":[14],"tags":[22,23,26,27,17,21,24,25,28,29,15,16,18,34,31,33,32,30,19,20,51,52,53,54],"class_list":{"0":"post-74328","1":"post","2":"type-post","3":"status-publish","4":"format-standard","5":"has-post-thumbnail","7":"category-varlden","8":"tag-breaking-news","9":"tag-breakingnews","10":"tag-featured-news","11":"tag-featurednews","12":"tag-headlines","13":"tag-huvudnyheter","14":"tag-latest-news","15":"tag-latestnews","16":"tag-main-news","17":"tag-mainnews","18":"tag-news","19":"tag-nyheter","20":"tag-rubriker","21":"tag-se","22":"tag-svenska","23":"tag-sverige","24":"tag-sweden","25":"tag-swedish","26":"tag-top-stories","27":"tag-topstories","28":"tag-varlden","29":"tag-world","30":"tag-world-news","31":"tag-worldnews"},"share_on_mastodon":{"url":"https:\/\/pubeurope.com\/@se\/115507156950289771","error":""},"_links":{"self":[{"href":"https:\/\/www.europesays.com\/se\/wp-json\/wp\/v2\/posts\/74328","targetHints":{"allow":["GET"]}}],"collection":[{"href":"https:\/\/www.europesays.com\/se\/wp-json\/wp\/v2\/posts"}],"about":[{"href":"https:\/\/www.europesays.com\/se\/wp-json\/wp\/v2\/types\/post"}],"author":[{"embeddable":true,"href":"https:\/\/www.europesays.com\/se\/wp-json\/wp\/v2\/users\/2"}],"replies":[{"embeddable":true,"href":"https:\/\/www.europesays.com\/se\/wp-json\/wp\/v2\/comments?post=74328"}],"version-history":[{"count":0,"href":"https:\/\/www.europesays.com\/se\/wp-json\/wp\/v2\/posts\/74328\/revisions"}],"wp:featuredmedia":[{"embeddable":true,"href":"https:\/\/www.europesays.com\/se\/wp-json\/wp\/v2\/media\/74329"}],"wp:attachment":[{"href":"https:\/\/www.europesays.com\/se\/wp-json\/wp\/v2\/media?parent=74328"}],"wp:term":[{"taxonomy":"category","embeddable":true,"href":"https:\/\/www.europesays.com\/se\/wp-json\/wp\/v2\/categories?post=74328"},{"taxonomy":"post_tag","embeddable":true,"href":"https:\/\/www.europesays.com\/se\/wp-json\/wp\/v2\/tags?post=74328"}],"curies":[{"name":"wp","href":"https:\/\/api.w.org\/{rel}","templated":true}]}}