{"id":74330,"date":"2025-11-07T07:08:11","date_gmt":"2025-11-07T07:08:11","guid":{"rendered":"https:\/\/www.europesays.com\/se\/74330\/"},"modified":"2025-11-07T07:08:11","modified_gmt":"2025-11-07T07:08:11","slug":"valte-apparater-och-gjorde-motstand-doms-nerikes-allehanda","status":"publish","type":"post","link":"https:\/\/www.europesays.com\/se\/74330\/","title":{"rendered":"V\u00e4lte apparater och gjorde motst\u00e5nd \u2013 d\u00f6ms \u2013 Nerikes Allehanda"},"content":{"rendered":"<p>En man skulle h\u00e4mta ut sitt id-kort, men blev nekad. <\/p>\n<p>D\u00e5 tappade han hum\u00f6ret och v\u00e4lte utrustning omkring sig. <\/p>\n<p>Han tr\u00e4ngde \u00e4ven in p\u00e5 barnakuten utan att ha r\u00e4tt till det, och gjorde v\u00e5ldsamt motst\u00e5nd n\u00e4r vakter ingrep.<\/p>\n<p>Mannen d\u00f6ms f\u00f6r flera brott.  <\/p>\n<p>Mannen \u00e4r i 60-\u00e5rs\u00e5ldern och \u00e4r skriven i \u00d6rebro. I augusti 2023 skulle han h\u00e4mta ut ett nytt id-kort p\u00e5 Statens servicecenter i \u00d6rebro, men blev nekad. Han hade inte r\u00e4tt dokumentation med sig. <\/p>\n<p>Tekniskt fel<\/p>\n<p class=\"message__text txt-ui txt-ui-2\">V\u00e4nligen f\u00f6rs\u00f6k igen senare.<\/p>\n<p>Den h\u00e4r artikeln \u00e4r bara f\u00f6r prenumeranter<\/p>\n<p class=\"txt-body txt-body-1\">Om du redan \u00e4r prenumerant: logga in!<\/p>\n","protected":false},"excerpt":{"rendered":"En man skulle h\u00e4mta ut sitt id-kort, men blev nekad. D\u00e5 tappade han hum\u00f6ret och v\u00e4lte utrustning omkring&hellip;\n","protected":false},"author":2,"featured_media":74331,"comment_status":"","ping_status":"","sticky":false,"template":"","format":"standard","meta":{"footnotes":""},"categories":[12],"tags":[22,23,26,27,17,21,24,25,28,29,15,16,18,34,31,33,32,30,19,20],"class_list":{"0":"post-74330","1":"post","2":"type-post","3":"status-publish","4":"format-standard","5":"has-post-thumbnail","7":"category-sverige","8":"tag-breaking-news","9":"tag-breakingnews","10":"tag-featured-news","11":"tag-featurednews","12":"tag-headlines","13":"tag-huvudnyheter","14":"tag-latest-news","15":"tag-latestnews","16":"tag-main-news","17":"tag-mainnews","18":"tag-news","19":"tag-nyheter","20":"tag-rubriker","21":"tag-se","22":"tag-svenska","23":"tag-sverige","24":"tag-sweden","25":"tag-swedish","26":"tag-top-stories","27":"tag-topstories"},"share_on_mastodon":{"url":"https:\/\/pubeurope.com\/@se\/115507160964670714","error":""},"_links":{"self":[{"href":"https:\/\/www.europesays.com\/se\/wp-json\/wp\/v2\/posts\/74330","targetHints":{"allow":["GET"]}}],"collection":[{"href":"https:\/\/www.europesays.com\/se\/wp-json\/wp\/v2\/posts"}],"about":[{"href":"https:\/\/www.europesays.com\/se\/wp-json\/wp\/v2\/types\/post"}],"author":[{"embeddable":true,"href":"https:\/\/www.europesays.com\/se\/wp-json\/wp\/v2\/users\/2"}],"replies":[{"embeddable":true,"href":"https:\/\/www.europesays.com\/se\/wp-json\/wp\/v2\/comments?post=74330"}],"version-history":[{"count":0,"href":"https:\/\/www.europesays.com\/se\/wp-json\/wp\/v2\/posts\/74330\/revisions"}],"wp:featuredmedia":[{"embeddable":true,"href":"https:\/\/www.europesays.com\/se\/wp-json\/wp\/v2\/media\/74331"}],"wp:attachment":[{"href":"https:\/\/www.europesays.com\/se\/wp-json\/wp\/v2\/media?parent=74330"}],"wp:term":[{"taxonomy":"category","embeddable":true,"href":"https:\/\/www.europesays.com\/se\/wp-json\/wp\/v2\/categories?post=74330"},{"taxonomy":"post_tag","embeddable":true,"href":"https:\/\/www.europesays.com\/se\/wp-json\/wp\/v2\/tags?post=74330"}],"curies":[{"name":"wp","href":"https:\/\/api.w.org\/{rel}","templated":true}]}}