{"id":74340,"date":"2025-11-07T07:17:07","date_gmt":"2025-11-07T07:17:07","guid":{"rendered":"https:\/\/www.europesays.com\/se\/74340\/"},"modified":"2025-11-07T07:17:07","modified_gmt":"2025-11-07T07:17:07","slug":"lagpresentation-hf-vast-f15-lag-1","status":"publish","type":"post","link":"https:\/\/www.europesays.com\/se\/74340\/","title":{"rendered":"Lagpresentation: HF V\u00e4st F15 lag 1"},"content":{"rendered":"<p class=\"normal\"><strong>Tre ord som beskriver v\u00e5rt lag:<\/strong><br \/>Bra fart- jag tycker att vi \u00e4r ett lag med bra tempo och att vi trycker bra i uppspelen<\/p>\n<p class=\"normal\">Sammanh\u00e5llning- \u00e4ven fast vi inte har tr\u00e4nat med varandra s\u00e5 mycket s\u00e5 \u00e4r alla v\u00e4ldigt bra p\u00e5 att prata med varandra oavsett klubb och vi f\u00e5r alltid med alla s\u00e5 att ingen \u00e4r ensam<\/p>\n<p class=\"normal\">K\u00e4mpargl\u00f6d- Vi h\u00e4nger inte med huvudet f\u00f6r att det g\u00e5r d\u00e5ligt eller f\u00f6r att man har missat n\u00e5gra skott utan vi forts\u00e4tter k\u00e4mpa<\/p>\n<p class=\"normal\"><strong>Hur bygger ni lagk\u00e4nsla n\u00e4r spelare kommer fr\u00e5n olika klubbar i distriktet?<\/strong><br \/>F\u00f6r att f\u00e5 lagk\u00e4nsla i laget tycker jag att det \u00e4r viktigt att peppa och heja p\u00e5 alla i laget oavsett vilken klubb man \u00e4r ifr\u00e5n eftersom att vi nu \u00e4r ett lag, det \u00e4r \u00e4ven viktigt att h\u00e4lsa p\u00e5 alla. Men ocks\u00e5 att kunna ge feedback p\u00e5 ett sn\u00e4llt s\u00e4tt f\u00f6r utveckling. Vi m\u00e5lvakter tycker att allting \u00e4r bra i laget, energin i laget \u00e4r v\u00e4ldigt stark, och vi ser fram emot att f\u00e5 spela p\u00e5 riktigt med alla.<\/p>\n<p class=\"normal\"><strong>Hur tror ni det g\u00e5r f\u00f6r er?<\/strong><br \/>Vi tror att det kan g\u00e5 superbra f\u00f6r oss! Om vi g\u00e5r in med vilja och inst\u00e4llning som ett lag och g\u00f6r det tillsammans, d\u00e5 kan vi sl\u00e5 vilka som helst.<\/p>\n<p class=\"normal\"><strong>Beskriv Sverigecupen med tre ord;<\/strong><br \/>Minnen &#8211; Vi f\u00e5r minnen f\u00f6r livet.<\/p>\n<p class=\"normal\">V\u00e4nskap &#8211; vi tr\u00e4ffar varandra utanf\u00f6r handbollen och inte m\u00f6ter varandra eftersom vi nu \u00e4r isamma lag och vi f\u00e5r en annan uppfattning av varandra och blir ocks\u00e5 v\u00e4nner.<\/p>\n<p class=\"normal\">Utveckling &#8211; vi blir b\u00e4ttre individuellt och \u00e4ven samspelta med personer vi aldrig tr\u00e4nat eller spelar med f\u00f6rut.<\/p>\n<p class=\"normal\"><strong>Hur har resan varit fr\u00e5n Tema 1-8?<br \/><\/strong>Jag\/vi tycker att resan fr\u00e5n Tema 1 &#8211; 8 har varit bra. Det har varit mycket l\u00e4rorikt som individuell handbollsspelare. Men man har \u00e4ven utvecklat sin spelf\u00f6rm\u00e5ga att samspela med andra. Vilket jag tycker \u00e4r v\u00e4ldigt bra. Dessutom har man f\u00e5tt en bredare f\u00f6rst\u00e5else f\u00f6r hur andra klubbar spelar och hur handbollsf\u00f6rbundet v\u00e4st t\u00e4nker. Det har ocks\u00e5 varit l\u00e4rorikt med teorin med bland annat kost.<\/p>\n<p class=\"normal\"><strong>Vilka f\u00f6rv\u00e4ntningar har ni p\u00e5 Sverigecupen?<\/strong><br \/>Vi ser enormt mycket fram emot Sverigecupen \u2013 det k\u00e4nns b\u00e5de stort, sp\u00e4nnande och lite nerv\u00f6st p\u00e5 samma g\u00e5ng. Vi hoppas p\u00e5 m\u00e5nga j\u00e4mna, tuffa och utmanande matcher men ocks\u00e5 att vi ska ha roligt och utvecklas. Vi har h\u00f6rt fr\u00e5n m\u00e5nga att Sverigecupen \u00e4r n\u00e5got man minns hela livet och det g\u00f6r oss \u00e4nnu mer motiverade att ge allt och verkligen njuta av varje stund. Vi vill representera v\u00e5rt distrikt med energi, hj\u00e4rta och laganda och vi l\u00e4ngtar efter att skapa v\u00e5ra egna of\u00f6rgl\u00f6mliga upplevelser och f\u00e5 dela den h\u00e4r resan med laget k\u00e4nns verkligen speciellt.<\/p>\n<p class=\"normal\"><strong>Vad \u00e4r det roligaste med att vara p\u00e5 Sverigecupen?<\/strong><br \/>Det roligaste med att vara med i Sverigecupen \u00e4r att f\u00e5 spela handboll med nya m\u00e4nniskor och att hitta nya v\u00e4nner fr\u00e5n andra klubbar. Men \u00e4ven att f\u00e5 m\u00f6ta andra duktiga lag.<\/p>\n<p class=\"normal\"><strong>Vad betyder Sverigecupen f\u00f6r er som ledare?<\/strong><br \/>Otroligt kul att f\u00e5 se framtidens handbollspelare st\u00f6ta och bl\u00f6ta i en rolig turnering. Det \u00e4r \u00e4ven kul att tr\u00e4ffa andra tr\u00e4nare p\u00e5 plats och utbyta erfarenheter.<\/p>\n<p class=\"normal\"><strong>Vilka f\u00f6reningar kommer spelarna ifr\u00e5n?<br \/><\/strong>V\u00e5rt lag kommer ifr\u00e5n S\u00e4vehof, Balticov, \u00d6nnered, K\u00e4rra, RIK och Heid och Torslanda.<\/p>\n<p class=\"normal\">Vi ses i Nyk\u00f6ping!<\/p>\n<p class=\"normal\">Vi \u00f6nskar HF V\u00e4st F15 lag 1 stort lycka till.<\/p>\n<p class=\"normal\"><strong>F\u00d6LJ SVERIGECUPEN<\/strong><\/p>\n<p class=\"normal\">F\u00f6r livescore, matcher, resultat och tabeller \u2013 ladda ner appen Profixio.<\/p>\n<p class=\"normal\">Handboll Play s\u00e4nder alla matcherna fr\u00e5n Sverigecupen. Se dem live eller n\u00e4r du vill.<\/p>\n<p class=\"normal\">P\u00e5 Instagram kan du f\u00f6lja Sverigecupen under kontot @svenskhandboll.officiell och under hashtaggen #sverigecupen. Kontot kommer ge kortare uppdateringar under dagarna samt presentera s\u00e5v\u00e4l domare som lag som deltar.<\/p>\n<p class=\"normal\"><a href=\"https:\/\/www.profixio.com\/app\/lx\/competition\/leagueid18072\" rel=\"nofollow noopener\" target=\"_blank\">Till Profixio L\u00e4nk till annan webbplats.<\/a><br \/><a href=\"https:\/\/handbollplay.se\/sverigecupen\" rel=\"nofollow noopener\" target=\"_blank\">Till Handboll Play L\u00e4nk till annan webbplats.<\/a><br \/><a href=\"https:\/\/svenskhandboll.se\/handboll-i-sverige\/tavling\/sverigecupen\" rel=\"nofollow noopener\" target=\"_blank\">Till Sverigecupens hemsida L\u00e4nk till annan webbplats.<\/a><br \/><a href=\"https:\/\/www.svenskhandboll.se\/handboll-i-sverige\/tavling\/sverigecupen\/lag--och-domarpresentationer\" rel=\"nofollow noopener\" target=\"_blank\">Till lag- och domarpresentationer<\/a><\/p>\n<p class=\"normal\"><strong>V\u00e4lkommen p\u00e5 f\u00f6rel\u00e4sning<br \/><\/strong>\u2013 Framtidens handbollsspelare<\/p>\n<p class=\"normal\">Under l\u00f6rdagskv\u00e4llen kommer Svenska Handbollf\u00f6rbundet arrangera en f\u00f6rel\u00e4sning som riktar sig till m\u00e5lgruppen tr\u00e4nare, ledare och spelare 15\u00e5r och \u00e4ldre. F\u00f6rel\u00e4sningen \u00e4r gratis men det kr\u00e4vs anm\u00e4lan. F\u00f6rel\u00e4sningen kommer ta upp f\u00f6ljande \u00e4mnen;<\/p>\n<ul class=\" normal\">\n<li>Skillnaden mellan det nationella och internationella perspektivet<\/li>\n<li>F\u00f6rsvarsspel<\/li>\n<li>Omst\u00e4llningsspel<\/li>\n<li>Sp\u00e4rrspel<\/li>\n<\/ul>\n<p class=\"normal\"><strong>Datum:<\/strong> 8 november kl. 20.30-21.30<br \/><strong>Plats: <\/strong>Rosvalla arenor v\u00e5ning 3<\/p>\n<p class=\"normal\"><a href=\"https:\/\/educationwebregistration.idrottonline.se\/home\/index\/2120211\" rel=\"nofollow noopener\" target=\"_blank\">Anm\u00e4l dig h\u00e4r L\u00e4nk till annan webbplats.<\/a><\/p>\n<p class=\"normal\"><strong>#schysstmatch och fair play<\/strong><br \/>I Sverigecupen spelar vi handboll enligt <a href=\"https:\/\/www.svenskhandboll.se\/handboll-i-sverige\/schysstmatch\" rel=\"nofollow noopener\" target=\"_blank\">#schysstmatch<\/a>. Sverigecupens schysstaste lag kommer tilldelas ett Fair play-pris fr\u00e5n Sundstr\u00f6m Safety. Se till att bidra till en schysst match p\u00e5 l\u00e4ktaren du med!<\/p>\n<p><a href=\"https:\/\/www.svenskhandboll.se\/handboll-i-sverige\/tavling\/sverigecupen\/besokare\" rel=\"nofollow noopener\" target=\"_blank\">\u00c4r du bes\u00f6kare p\u00e5 Sverigecupen och i Nyk\u00f6ping? L\u00e4s mer h\u00e4r<\/a><br \/><strong><br \/>Sporthelg i Nyk\u00f6ping<br \/><\/strong>Helgen 7-9 november \u00e4r en h\u00e4rlig sporthelg i Nyk\u00f6ping och Rosvalla Arenor. Samtidigt som Sverigecupen kommer \u00e4ven en fyrnationersturnering i innebandy, Euro Floorball Tour (EFT), att arrangeras. Var uppm\u00e4rksam p\u00e5 skyltning b\u00e5de inne i arenan samt vid parkeringsomr\u00e5det s\u00e5 du hittar r\u00e4tt p\u00e5 ett l\u00e4tt s\u00e4tt.<\/p>\n","protected":false},"excerpt":{"rendered":"Tre ord som beskriver v\u00e5rt lag:Bra fart- jag tycker att vi \u00e4r ett lag med bra tempo och&hellip;\n","protected":false},"author":2,"featured_media":61263,"comment_status":"","ping_status":"","sticky":false,"template":"","format":"standard","meta":{"footnotes":""},"categories":[5],"tags":[22,23,26,27,17,21,24,25,28,29,15,16,18,34,31,33,32,30,19,20],"class_list":{"0":"post-74340","1":"post","2":"type-post","3":"status-publish","4":"format-standard","5":"has-post-thumbnail","7":"category-rubriker","8":"tag-breaking-news","9":"tag-breakingnews","10":"tag-featured-news","11":"tag-featurednews","12":"tag-headlines","13":"tag-huvudnyheter","14":"tag-latest-news","15":"tag-latestnews","16":"tag-main-news","17":"tag-mainnews","18":"tag-news","19":"tag-nyheter","20":"tag-rubriker","21":"tag-se","22":"tag-svenska","23":"tag-sverige","24":"tag-sweden","25":"tag-swedish","26":"tag-top-stories","27":"tag-topstories"},"share_on_mastodon":{"url":"https:\/\/pubeurope.com\/@se\/115507196260160535","error":""},"_links":{"self":[{"href":"https:\/\/www.europesays.com\/se\/wp-json\/wp\/v2\/posts\/74340","targetHints":{"allow":["GET"]}}],"collection":[{"href":"https:\/\/www.europesays.com\/se\/wp-json\/wp\/v2\/posts"}],"about":[{"href":"https:\/\/www.europesays.com\/se\/wp-json\/wp\/v2\/types\/post"}],"author":[{"embeddable":true,"href":"https:\/\/www.europesays.com\/se\/wp-json\/wp\/v2\/users\/2"}],"replies":[{"embeddable":true,"href":"https:\/\/www.europesays.com\/se\/wp-json\/wp\/v2\/comments?post=74340"}],"version-history":[{"count":0,"href":"https:\/\/www.europesays.com\/se\/wp-json\/wp\/v2\/posts\/74340\/revisions"}],"wp:featuredmedia":[{"embeddable":true,"href":"https:\/\/www.europesays.com\/se\/wp-json\/wp\/v2\/media\/61263"}],"wp:attachment":[{"href":"https:\/\/www.europesays.com\/se\/wp-json\/wp\/v2\/media?parent=74340"}],"wp:term":[{"taxonomy":"category","embeddable":true,"href":"https:\/\/www.europesays.com\/se\/wp-json\/wp\/v2\/categories?post=74340"},{"taxonomy":"post_tag","embeddable":true,"href":"https:\/\/www.europesays.com\/se\/wp-json\/wp\/v2\/tags?post=74340"}],"curies":[{"name":"wp","href":"https:\/\/api.w.org\/{rel}","templated":true}]}}