{"id":74375,"date":"2025-11-07T07:55:08","date_gmt":"2025-11-07T07:55:08","guid":{"rendered":"https:\/\/www.europesays.com\/se\/74375\/"},"modified":"2025-11-07T07:55:08","modified_gmt":"2025-11-07T07:55:08","slug":"tidigare-och-mer-exakt-diagnos-av-lungcancer","status":"publish","type":"post","link":"https:\/\/www.europesays.com\/se\/74375\/","title":{"rendered":"Tidigare och mer exakt diagnos av lungcancer"},"content":{"rendered":"<p>\u2013 Min avhandling inneh\u00e5ller studier om utvecklingen av nya sekvenseringstekniker och ber\u00e4kningsalgoritmer f\u00f6r att f\u00f6rb\u00e4ttra k\u00e4nsligheten att uppt\u00e4cka cirkulerande tum\u00f6r-DNA. Detta m\u00f6jligg\u00f6r tidigare diagnos och mer tillf\u00f6rlitlig monitorering av kvarvarande sjukdom samt \u00e5terfall. Vi har \u00e4ven unders\u00f6kt hur interstitiell lungsjukdom (ILD) \u00f6kar risken f\u00f6r efterf\u00f6ljande lungcancer och f\u00f6reslagit strategier f\u00f6r att identifiera samt f\u00f6lja upp individer med h\u00f6g risk. Sammantaget visar vi hur en kombination av riskprediktion, k\u00e4nslig detektion och biomark\u00f6rstyrd behandling kan p\u00e5 sikt bidra till att minska b\u00f6rdan av lungcancer.<\/p>\n<p><strong>Varf\u00f6r blev du intresserad av det h\u00e4r \u00e4mnet?<\/strong><\/p>\n<p>\u2013\u00a0Lungcancer \u00e4r en paradox; sett till b\u00e5da k\u00f6nen \u00e4r det den vanligaste och d\u00f6dligaste cancerformen globalt, men samtidigt en av de cancerformer d\u00e4r man vet mest om biomark\u00f6rer. Denna kontrast \u2013 h\u00f6g sjukdomsb\u00f6rda men med tydliga molekyl\u00e4ra ledtr\u00e5dar \u2013 \u00f6vertygade mig om att b\u00e4ttre teknik och forskning kan f\u00f6r\u00e4ndra de kliniska resultaten. Det handlar om att uppt\u00e4cka sjukdomen tidigare, f\u00f6rb\u00e4ttra hur biomark\u00f6rer kartl\u00e4ggs samt att anv\u00e4nda data fr\u00e5n svenska register till \u00e5terkoppling f\u00f6r v\u00e5rden. Kort sagt \u00e4r detta ett omr\u00e5de d\u00e4r metodologiska framsteg snabbt kan oms\u00e4ttas i tidigare diagnos och mer precist styrda behandlingar.<\/p>\n<p><strong>Vad tycker du b\u00f6r g\u00f6ras i framtidens h\u00e4lso- och sjukv\u00e5rd och forskningen?<\/strong><\/p>\n<p>\u2013\u00a0Jag tycker att vi b\u00f6r forts\u00e4tta att kombinera ny kunskap inom molekyl\u00e4r diagnostik med f\u00f6rdelarna av de storskaliga svenska registren. D\u00e5 blir det m\u00f6jligt med f\u00f6rb\u00e4ttrad uppt\u00e4ckt av mutationer och genfusioner hos patienterna vilket i sin tur kan anv\u00e4ndas f\u00f6r tidig uppt\u00e4ckt samt individanpassad behandling. Ett s\u00e5dant integrerat arbetss\u00e4tt kan f\u00f6rhoppningsvis r\u00e4dda liv och f\u00f6rb\u00e4ttra patienternas l\u00e5ngsiktiga prognos.<\/p>\n","protected":false},"excerpt":{"rendered":"\u2013 Min avhandling inneh\u00e5ller studier om utvecklingen av nya sekvenseringstekniker och ber\u00e4kningsalgoritmer f\u00f6r att f\u00f6rb\u00e4ttra k\u00e4nsligheten att uppt\u00e4cka&hellip;\n","protected":false},"author":2,"featured_media":74376,"comment_status":"","ping_status":"","sticky":false,"template":"","format":"standard","meta":{"footnotes":""},"categories":[69],"tags":[113,112,34,31,33,32,30],"class_list":{"0":"post-74375","1":"post","2":"type-post","3":"status-publish","4":"format-standard","5":"has-post-thumbnail","7":"category-halsa","8":"tag-halsa","9":"tag-health","10":"tag-se","11":"tag-svenska","12":"tag-sverige","13":"tag-sweden","14":"tag-swedish"},"share_on_mastodon":{"url":"https:\/\/pubeurope.com\/@se\/115507345782846563","error":""},"_links":{"self":[{"href":"https:\/\/www.europesays.com\/se\/wp-json\/wp\/v2\/posts\/74375","targetHints":{"allow":["GET"]}}],"collection":[{"href":"https:\/\/www.europesays.com\/se\/wp-json\/wp\/v2\/posts"}],"about":[{"href":"https:\/\/www.europesays.com\/se\/wp-json\/wp\/v2\/types\/post"}],"author":[{"embeddable":true,"href":"https:\/\/www.europesays.com\/se\/wp-json\/wp\/v2\/users\/2"}],"replies":[{"embeddable":true,"href":"https:\/\/www.europesays.com\/se\/wp-json\/wp\/v2\/comments?post=74375"}],"version-history":[{"count":0,"href":"https:\/\/www.europesays.com\/se\/wp-json\/wp\/v2\/posts\/74375\/revisions"}],"wp:featuredmedia":[{"embeddable":true,"href":"https:\/\/www.europesays.com\/se\/wp-json\/wp\/v2\/media\/74376"}],"wp:attachment":[{"href":"https:\/\/www.europesays.com\/se\/wp-json\/wp\/v2\/media?parent=74375"}],"wp:term":[{"taxonomy":"category","embeddable":true,"href":"https:\/\/www.europesays.com\/se\/wp-json\/wp\/v2\/categories?post=74375"},{"taxonomy":"post_tag","embeddable":true,"href":"https:\/\/www.europesays.com\/se\/wp-json\/wp\/v2\/tags?post=74375"}],"curies":[{"name":"wp","href":"https:\/\/api.w.org\/{rel}","templated":true}]}}