{"id":74551,"date":"2025-11-07T10:46:17","date_gmt":"2025-11-07T10:46:17","guid":{"rendered":"https:\/\/www.europesays.com\/se\/74551\/"},"modified":"2025-11-07T10:46:17","modified_gmt":"2025-11-07T10:46:17","slug":"hogsta-domstolen-kan-tvinga-usa-att-aterbetala-miljarder","status":"publish","type":"post","link":"https:\/\/www.europesays.com\/se\/74551\/","title":{"rendered":"H\u00f6gsta domstolen kan tvinga USA att \u00e5terbetala miljarder"},"content":{"rendered":"<p>H\u00f6gsta domstolen har inlett en historisk pr\u00f6vning av Trumps tullpolitik, som inf\u00f6rdes redan under hans f\u00f6rsta mandatperiod och nu forts\u00e4tter i uppdaterad form.<\/p>\n<p>Domarna ifr\u00e5gas\u00e4tter om presidenten verkligen hade r\u00e4tt att anv\u00e4nda <strong>I<\/strong>nternational Emergency Economic Powers Act, IEEPA, f\u00f6r att inf\u00f6ra omfattande importtullar utan kongressens godk\u00e4nnande.<\/p>\n<p>Flera justitier\u00e5d menar att lagen egentligen \u00e4r avsedd f\u00f6r nationella s\u00e4kerhetskriser och inte f\u00f6r breda ekonomiska beslut som p\u00e5verkar hela marknaden, skriver <a href=\"https:\/\/www.washingtonpost.com\/politics\/2025\/11\/05\/tariffs-trump-supreme-court-arguments\/?utm_source=chatgpt.com\" rel=\"nofollow noopener\" target=\"_blank\">Washington Post<\/a>.<\/p>\n<p><strong>L\u00e4s \u00e4ven:<\/strong> <a href=\"https:\/\/www.dagensps.se\/bors-finans\/hogsta-domstolen-ifragasatter-trumps-tullar-gladje-pa-borsen\/\" rel=\"nofollow noopener\" target=\"_blank\">H\u00f6gsta domstolen ifr\u00e5gas\u00e4tter Trumps tullar \u2013 gl\u00e4dje p\u00e5 b\u00f6rsen<\/a><\/p>\n<p><strong>Miljarder i \u00e5terbetalningar kan st\u00e5 p\u00e5 spel<\/strong><\/p>\n<p>Tusentals f\u00f6retag har st\u00e4mt staten f\u00f6r att f\u00e5 \u00e5terbetalning av tullavgifter som de anser inf\u00f6rts utan laglig grund.<\/p>\n<p>Enligt <a href=\"https:\/\/www.reuters.com\/world\/us\/supreme-court-weighs-legality-tariffs-major-test-trumps-power-2025-11-05\/?utm_source=chatgpt.com\" rel=\"nofollow noopener\" target=\"_blank\">Reuters<\/a> kan det handla om miljardbelopp i kompensation, eftersom tullarna p\u00e5verkat priset p\u00e5 allt fr\u00e5n st\u00e5l och elektronik till konsumentvaror.<\/p>\n<p>F\u00f6retagen h\u00e4vdar att tullarna skadat konkurrenskraften och bidragit till h\u00f6gre inflation i USA.<\/p>\n<p><img loading=\"lazy\" decoding=\"async\" width=\"1024\" height=\"512\" src=\"https:\/\/www.europesays.com\/se\/wp-content\/uploads\/2025\/11\/Namnlos-design-29-1024x512.png\" alt=\"\" class=\"wp-image-1578403\"  \/>Neil Gorsuch, domare i H\u00f6gsta domstolen, tror at det blir sv\u00e5rt att f\u00e4lla Trump. (Foto: Rod Lamkey\/AP\/TT)<\/p>\n<p>Samtidigt varnar Domaren Neil Gorsuch f\u00f6r att det kan bli sv\u00e5rt att f\u00e4lla presidenten. <\/p>\n<p>\u201cI praktiken kan kongressen inte ta tillbaka den h\u00e4r makten n\u00e4r den v\u00e4l har \u00f6verl\u00e4mnats till presidenten.\u201d, s\u00e4ger Gorsuch till <a href=\"https:\/\/nypost.com\/2025\/11\/05\/us-news\/supreme-courts-conservative-justices-pummel-trump-admin-on-tariffs-cant-get-this-power-back\/?utm_source=chatgpt.com\" rel=\"nofollow noopener\" target=\"_blank\">New York Post<\/a>.<\/p>\n","protected":false},"excerpt":{"rendered":"H\u00f6gsta domstolen har inlett en historisk pr\u00f6vning av Trumps tullpolitik, som inf\u00f6rdes redan under hans f\u00f6rsta mandatperiod och&hellip;\n","protected":false},"author":2,"featured_media":74552,"comment_status":"","ping_status":"","sticky":false,"template":"","format":"standard","meta":{"footnotes":""},"categories":[14],"tags":[22,23,71,26,27,17,21,24,25,28,29,15,16,18,34,31,33,32,30,19,20,397,74,51,52,53,54],"class_list":{"0":"post-74551","1":"post","2":"type-post","3":"status-publish","4":"format-standard","5":"has-post-thumbnail","7":"category-varlden","8":"tag-breaking-news","9":"tag-breakingnews","10":"tag-ekonomi","11":"tag-featured-news","12":"tag-featurednews","13":"tag-headlines","14":"tag-huvudnyheter","15":"tag-latest-news","16":"tag-latestnews","17":"tag-main-news","18":"tag-mainnews","19":"tag-news","20":"tag-nyheter","21":"tag-rubriker","22":"tag-se","23":"tag-svenska","24":"tag-sverige","25":"tag-sweden","26":"tag-swedish","27":"tag-top-stories","28":"tag-topstories","29":"tag-tullar","30":"tag-usa","31":"tag-varlden","32":"tag-world","33":"tag-world-news","34":"tag-worldnews"},"share_on_mastodon":{"url":"https:\/\/pubeurope.com\/@se\/115508018371191551","error":""},"_links":{"self":[{"href":"https:\/\/www.europesays.com\/se\/wp-json\/wp\/v2\/posts\/74551","targetHints":{"allow":["GET"]}}],"collection":[{"href":"https:\/\/www.europesays.com\/se\/wp-json\/wp\/v2\/posts"}],"about":[{"href":"https:\/\/www.europesays.com\/se\/wp-json\/wp\/v2\/types\/post"}],"author":[{"embeddable":true,"href":"https:\/\/www.europesays.com\/se\/wp-json\/wp\/v2\/users\/2"}],"replies":[{"embeddable":true,"href":"https:\/\/www.europesays.com\/se\/wp-json\/wp\/v2\/comments?post=74551"}],"version-history":[{"count":0,"href":"https:\/\/www.europesays.com\/se\/wp-json\/wp\/v2\/posts\/74551\/revisions"}],"wp:featuredmedia":[{"embeddable":true,"href":"https:\/\/www.europesays.com\/se\/wp-json\/wp\/v2\/media\/74552"}],"wp:attachment":[{"href":"https:\/\/www.europesays.com\/se\/wp-json\/wp\/v2\/media?parent=74551"}],"wp:term":[{"taxonomy":"category","embeddable":true,"href":"https:\/\/www.europesays.com\/se\/wp-json\/wp\/v2\/categories?post=74551"},{"taxonomy":"post_tag","embeddable":true,"href":"https:\/\/www.europesays.com\/se\/wp-json\/wp\/v2\/tags?post=74551"}],"curies":[{"name":"wp","href":"https:\/\/api.w.org\/{rel}","templated":true}]}}