{"id":74575,"date":"2025-11-07T11:20:17","date_gmt":"2025-11-07T11:20:17","guid":{"rendered":"https:\/\/www.europesays.com\/se\/74575\/"},"modified":"2025-11-07T11:20:17","modified_gmt":"2025-11-07T11:20:17","slug":"forlust-i-slutminuterna-for-mff","status":"publish","type":"post","link":"https:\/\/www.europesays.com\/se\/74575\/","title":{"rendered":"F\u00f6rlust i slutminuterna f\u00f6r MFF"},"content":{"rendered":"<p>Melker Ellborg r\u00e4ddade en straff och Malm\u00f6 skapade l\u00e4gen hemma mot Panathinaikos men fick likafullt inkassera en ny f\u00f6rlust i Europa League, 0-1 kom i minut 80.<br \/>\u00c4ven H\u00e4cken drog det korta str\u00e5et n\u00e4r man f\u00f6ll med 1-2 hemma mot Strasbourg.<\/p>\n<p>Europa League &#8211; Malm\u00f6-Panathinaikos 0-1<\/p>\n<p>Marginalerna \u00e4r inte p\u00e5 Malm\u00f6s sida f\u00f6r tillf\u00e4llet. Hemma mot Panathinaikos var po\u00e4ng, helst seger, vitalt f\u00f6r forts\u00e4ttningen i t\u00e4vlingen. Och visst skapade hemmalaget m\u00f6jligheter men utdelningen uteblev. Melker Ellborg r\u00e4ddade ocks\u00e5 f\u00f6rtj\u00e4nstfullt en svagt slagen straff i den 20:e minuten vilket st\u00e4rkte de himmelsbl\u00e5 i sina anstr\u00e4ngningar.<\/p>\n<p>Men i slut\u00e4nden drog de grekiska g\u00e4sterna det l\u00e4ngsta str\u00e5et n\u00e4r Filip Djuricic kunde sm\u00e4lla in segerm\u00e5let i 85:e. MFF:s uppf\u00f6rsbacke blev brantare d\u00e4rmed.<\/p>\n<p>Conference League &#8211; H\u00e4cken-Strasbourg 1-2<\/p>\n<p>Med tv\u00e5 kryss i inledningen var H\u00e4ckens utg\u00e5ngsl\u00e4ge n\u00e5got b\u00e4ttre. P\u00e5 Gamla Ullevi jagade hisingslaget en historisk f\u00f6rsta seger i europaspelets gruppfas, men f\u00f6rg\u00e4ves. Ett effektivt Strasbourg straffade H\u00e4cken. John Paul Dembes reducering till 1-2 blev bara ett tr\u00f6stm\u00e5l.<\/p>\n<p><a class=\"multisite-link pop\" href=\"https:\/\/www.svenskfotboll.se\/serier-cuper\/europa\/uefa-europa-league\/\" rel=\"nofollow noopener\" target=\"_blank\"><\/p>\n<p>\n            UEFA Europa League 2025\/26\n        <\/p>\n<p><\/a><\/p>\n<p><a class=\"multisite-link pop\" href=\"https:\/\/www.svenskfotboll.se\/serier-cuper\/europa\/europa-conference-league\/\" rel=\"nofollow noopener\" target=\"_blank\"><\/p>\n<p>\n            UEFA Conference League 2025\/26\n        <\/p>\n<p><\/a><\/p>\n","protected":false},"excerpt":{"rendered":"Melker Ellborg r\u00e4ddade en straff och Malm\u00f6 skapade l\u00e4gen hemma mot Panathinaikos men fick likafullt inkassera en ny&hellip;\n","protected":false},"author":2,"featured_media":74576,"comment_status":"","ping_status":"","sticky":false,"template":"","format":"standard","meta":{"footnotes":""},"categories":[5],"tags":[22,23,26,27,17,21,24,25,28,29,15,16,18,34,31,33,32,30,19,20],"class_list":{"0":"post-74575","1":"post","2":"type-post","3":"status-publish","4":"format-standard","5":"has-post-thumbnail","7":"category-rubriker","8":"tag-breaking-news","9":"tag-breakingnews","10":"tag-featured-news","11":"tag-featurednews","12":"tag-headlines","13":"tag-huvudnyheter","14":"tag-latest-news","15":"tag-latestnews","16":"tag-main-news","17":"tag-mainnews","18":"tag-news","19":"tag-nyheter","20":"tag-rubriker","21":"tag-se","22":"tag-svenska","23":"tag-sverige","24":"tag-sweden","25":"tag-swedish","26":"tag-top-stories","27":"tag-topstories"},"share_on_mastodon":{"url":"https:\/\/pubeurope.com\/@se\/115508151756922476","error":""},"_links":{"self":[{"href":"https:\/\/www.europesays.com\/se\/wp-json\/wp\/v2\/posts\/74575","targetHints":{"allow":["GET"]}}],"collection":[{"href":"https:\/\/www.europesays.com\/se\/wp-json\/wp\/v2\/posts"}],"about":[{"href":"https:\/\/www.europesays.com\/se\/wp-json\/wp\/v2\/types\/post"}],"author":[{"embeddable":true,"href":"https:\/\/www.europesays.com\/se\/wp-json\/wp\/v2\/users\/2"}],"replies":[{"embeddable":true,"href":"https:\/\/www.europesays.com\/se\/wp-json\/wp\/v2\/comments?post=74575"}],"version-history":[{"count":0,"href":"https:\/\/www.europesays.com\/se\/wp-json\/wp\/v2\/posts\/74575\/revisions"}],"wp:featuredmedia":[{"embeddable":true,"href":"https:\/\/www.europesays.com\/se\/wp-json\/wp\/v2\/media\/74576"}],"wp:attachment":[{"href":"https:\/\/www.europesays.com\/se\/wp-json\/wp\/v2\/media?parent=74575"}],"wp:term":[{"taxonomy":"category","embeddable":true,"href":"https:\/\/www.europesays.com\/se\/wp-json\/wp\/v2\/categories?post=74575"},{"taxonomy":"post_tag","embeddable":true,"href":"https:\/\/www.europesays.com\/se\/wp-json\/wp\/v2\/tags?post=74575"}],"curies":[{"name":"wp","href":"https:\/\/api.w.org\/{rel}","templated":true}]}}