{"id":74581,"date":"2025-11-07T11:29:12","date_gmt":"2025-11-07T11:29:12","guid":{"rendered":"https:\/\/www.europesays.com\/se\/74581\/"},"modified":"2025-11-07T11:29:12","modified_gmt":"2025-11-07T11:29:12","slug":"heliga-stolen-vid-cop30-nuntien-i-brasilien-en-kursandring-ar-nodvandig","status":"publish","type":"post","link":"https:\/\/www.europesays.com\/se\/74581\/","title":{"rendered":"Heliga stolen vid COP30. Nuntien i Brasilien: En kurs\u00e4ndring \u00e4r n\u00f6dv\u00e4ndig"},"content":{"rendered":"<p>Monsignor Giambattista Diquattro, bitr\u00e4dande chef f\u00f6r Heliga stolens delegation som leds av kardinal Parolin vid FN:s klimatkonferens i Bel\u00e9m COP30: \u201dDet \u00e4r n\u00f6dv\u00e4ndigt att ge ett konkret tecken p\u00e5 hopp. M\u00e5 denna COP bli en v\u00e4ndpunkt och visa en tydlig och konkret politisk vilja som leder till en avg\u00f6rande p\u00e5skyndande av den ekologiska omst\u00e4llningen, genom effektiva, bindande och l\u00e4tt \u00f6vervakbara former.\u201d&#13;\n<\/p>\n<p><b>Silvonei Jos\u00e9 Protz \u2013 uts\u00e4nd i Bel\u00e9m (Brasilien)<\/b><\/p>\n<p>Heliga stolen deltar i Cop30 i Brasilien med en delegation p\u00e5 tio medlemmar ledd av kardinal Pietro Parolin, statssekreterare. Han kommer att representera p\u00e5ven Leo XIV vid detta viktiga m\u00f6te 10-21 november. Kardinalen anl\u00e4nde idag, den 6 november, till huvudstaden i delstaten Par\u00e1, vilket framg\u00e5r av ett inl\u00e4gg p\u00e5 X @TerzaLoggia, d\u00e4r kardinalens \u00f6nskan om att \u201ddet internationella samfundet ska agera inf\u00f6r klimatkrisen och effektivt bem\u00f6ta globala utmaningar som den globala uppv\u00e4rmningen\u201d \u00e5terges.<\/p>\n<p>Bitr\u00e4dande chef f\u00f6r Vatikanens delegation, den apostoliske nuntien i Brasilien monsignore Giambattista Diquattro, ber\u00e4ttar f\u00f6r Vatikanens medier om sina f\u00f6rhoppningar, f\u00f6rv\u00e4ntningar och utsikter inf\u00f6r FN:s klimatkonferens.<\/p>\n<p><b>Vi har anl\u00e4nt till Cop30 och det \u00e4r mer n\u00f6dv\u00e4ndigt \u00e4n n\u00e5gonsin att fundera \u00f6ver en kurs\u00e4ndring n\u00e4r det g\u00e4ller klimatet.<\/b><\/p>\n<p>Det tycks mig mer aktuellt \u00e4n n\u00e5gonsin att reflektera \u00f6ver det som p\u00e5ven Franciskus sade f\u00f6r tv\u00e5 \u00e5r sedan i sitt budskap till COP28: \u201dDet \u00e4r n\u00f6dv\u00e4ndigt med en f\u00f6r\u00e4ndring som inte \u00e4r en partiell kurs\u00e4ndring, utan ett nytt s\u00e4tt att g\u00e5 vidare tillsammans\u201d. Om Parisavtalet markerade \u201den ny b\u00f6rjan\u201d p\u00e5 v\u00e4gen mot en l\u00f6sning p\u00e5 klimatf\u00f6r\u00e4ndringarna, som inleddes i Rio de Janeiro 1992, m\u00e5ste vi nu \u00e5teruppta resan. Det \u00e4r n\u00f6dv\u00e4ndigt att ge ett konkret tecken p\u00e5 hopp. \u00c4ven denna COP b\u00f6r vara en v\u00e4ndpunkt och visa en tydlig och konkret politisk vilja som leder till ett kraftigt p\u00e5skyndande av den ekologiska omst\u00e4llningen genom \u00e5tg\u00e4rder som uppfyller tre kriterier: \u201deffektiva, bindande och l\u00e4tta att \u00f6vervaka\u201d, samt f\u00f6rverkligas inom fyra omr\u00e5den: energieffektivitet, f\u00f6rnybara energik\u00e4llor, avskaffande av fossila br\u00e4nslen och utbildning i livsstilar som \u00e4r mindre beroende av dessa.<\/p>\n<p><b>Vilken bidrag kan Heliga stolens n\u00e4rvaro erbjuda vid denna COP?<\/b><\/p>\n<p>Inf\u00f6r m\u00f6tet har Heliga stolen i uppdrag att fokusera p\u00e5 n\u00e5gra specifika fr\u00e5gor. F\u00f6r det f\u00f6rsta framst\u00e5r utbildning i h\u00e5llbar ekologi som ett avg\u00f6rande omr\u00e5de f\u00f6r att hantera klimatkrisen. Detta tema blir alltmer aktuellt, eftersom m\u00e5nga l\u00e4nder inkluderar utbildningsaspekten i sina nationella bidrag (NDC) [Nationellt fastst\u00e4llt bidrag (Nationally determined contribution] fram till 2035. Det kommer d\u00e4rf\u00f6r att vara avg\u00f6rande att noga f\u00f6lja denna process. En andra aspekt g\u00e4ller genomf\u00f6randet av Global Stocktake (GST) [FN:s globala \u00f6versyn], som antogs vid COP28, och det d\u00e4rmed sammanh\u00e4ngande \u00e5tagandet att minska beroendet av fossila br\u00e4nslen. Heliga stolen betonar behovet av en konsekvent till\u00e4mpning av detta instrument och upprepar att utbildning \u00e4r en viktig pelare f\u00f6r att uppn\u00e5 m\u00e5len i Parisavtalet [F\u00f6renta nationernas klimatavtal] i n\u00e4sta revisionsfas.<\/p>\n<p>En annan punkt \u00e4r reformen av den globala finansiella arkitekturen och dess koppling till klimatfinansiering. En internationell reflektion belyser sambandet mellan utlandsskuld och ekologisk skuld, som redan n\u00e4mndes i bullan Spes non confundit vid utlysningen av Jubel\u00e5ret. Ett ytterligare tema kommer att vara Just Transition,\u00a0f\u00f6rst\u00e5tt som en r\u00e4ttvis \u00f6verg\u00e5ng, som inte bara f\u00e5r omfatta ekonomiska kriterier utan ocks\u00e5 sociala och milj\u00f6m\u00e4ssiga.<\/p>\n<p>Heliga stolen insisterar p\u00e5 vikten av en transformativ utbildning som nyckel till denna process. Slutligen kommer debatten om handlingsplanen f\u00f6r j\u00e4mst\u00e4lldhet (Gender Action Plan) [Handlingsplanen f\u00f6r j\u00e4mst\u00e4lldhet och j\u00e4mst\u00e4lldhetsintegrering] att ge tillf\u00e4lle att \u00e5terigen betona den oproportionerliga b\u00f6rda som klimatf\u00f6r\u00e4ndringarna inneb\u00e4r f\u00f6r kvinnor, och uppmana till att fr\u00e4mja deras aktiva deltagande i genomf\u00f6randet av Parisavtalet. Ut\u00f6ver dessa prioriteringar \u00e4r delegationen mycket intresserad av fr\u00e5gorna om f\u00f6rluster och skador, det globala anpassningsm\u00e5let, UAE Framework for Global Climate Resilience (UAE-ramverket f\u00f6r global klimatresiliens), artikel 6 i Parisavtalet och fr\u00e5gor som r\u00f6r vikten av att skydda Amazonas regnskog, jordbruket och livsmedelss\u00e4kerheten.<\/p>\n","protected":false},"excerpt":{"rendered":"Monsignor Giambattista Diquattro, bitr\u00e4dande chef f\u00f6r Heliga stolens delegation som leds av kardinal Parolin vid FN:s klimatkonferens i&hellip;\n","protected":false},"author":2,"featured_media":74582,"comment_status":"","ping_status":"","sticky":false,"template":"","format":"standard","meta":{"footnotes":""},"categories":[5],"tags":[22,23,26,27,17,21,24,25,28,29,15,16,18,34,31,33,32,30,19,20],"class_list":{"0":"post-74581","1":"post","2":"type-post","3":"status-publish","4":"format-standard","5":"has-post-thumbnail","7":"category-rubriker","8":"tag-breaking-news","9":"tag-breakingnews","10":"tag-featured-news","11":"tag-featurednews","12":"tag-headlines","13":"tag-huvudnyheter","14":"tag-latest-news","15":"tag-latestnews","16":"tag-main-news","17":"tag-mainnews","18":"tag-news","19":"tag-nyheter","20":"tag-rubriker","21":"tag-se","22":"tag-svenska","23":"tag-sverige","24":"tag-sweden","25":"tag-swedish","26":"tag-top-stories","27":"tag-topstories"},"share_on_mastodon":{"url":"https:\/\/pubeurope.com\/@se\/115508187251161351","error":""},"_links":{"self":[{"href":"https:\/\/www.europesays.com\/se\/wp-json\/wp\/v2\/posts\/74581","targetHints":{"allow":["GET"]}}],"collection":[{"href":"https:\/\/www.europesays.com\/se\/wp-json\/wp\/v2\/posts"}],"about":[{"href":"https:\/\/www.europesays.com\/se\/wp-json\/wp\/v2\/types\/post"}],"author":[{"embeddable":true,"href":"https:\/\/www.europesays.com\/se\/wp-json\/wp\/v2\/users\/2"}],"replies":[{"embeddable":true,"href":"https:\/\/www.europesays.com\/se\/wp-json\/wp\/v2\/comments?post=74581"}],"version-history":[{"count":0,"href":"https:\/\/www.europesays.com\/se\/wp-json\/wp\/v2\/posts\/74581\/revisions"}],"wp:featuredmedia":[{"embeddable":true,"href":"https:\/\/www.europesays.com\/se\/wp-json\/wp\/v2\/media\/74582"}],"wp:attachment":[{"href":"https:\/\/www.europesays.com\/se\/wp-json\/wp\/v2\/media?parent=74581"}],"wp:term":[{"taxonomy":"category","embeddable":true,"href":"https:\/\/www.europesays.com\/se\/wp-json\/wp\/v2\/categories?post=74581"},{"taxonomy":"post_tag","embeddable":true,"href":"https:\/\/www.europesays.com\/se\/wp-json\/wp\/v2\/tags?post=74581"}],"curies":[{"name":"wp","href":"https:\/\/api.w.org\/{rel}","templated":true}]}}