{"id":74594,"date":"2025-11-07T11:43:08","date_gmt":"2025-11-07T11:43:08","guid":{"rendered":"https:\/\/www.europesays.com\/se\/74594\/"},"modified":"2025-11-07T11:43:08","modified_gmt":"2025-11-07T11:43:08","slug":"ryssland-ar-redo-att-hjalpa-venezuela","status":"publish","type":"post","link":"https:\/\/www.europesays.com\/se\/74594\/","title":{"rendered":"Ryssland \u00e4r redo att hj\u00e4lpa Venezuela"},"content":{"rendered":"<p>Venezuelas president Nicolas Maduro upges ha bett om st\u00f6d fr\u00e5n Ryssland, Kina och Iran. Det skrev <a href=\"https:\/\/www.washingtonpost.com\/world\/2025\/10\/31\/russia-venezuela-oil-trump\/\" rel=\"nofollow noopener\" target=\"_blank\">Washington Post<\/a> i slutet av oktober med h\u00e4nvisning till statliga dokument som tidningen kommit \u00f6ver. <\/p>\n<p>Enligt tidningen bad Venezuela om reparationer av ryska stridsflygplan, uppgradering av defensiva radarsystem och eventuellt en leverans av missilsystem.<\/p>\n<p>Venezuelas f\u00f6rfr\u00e5gan kom efter att USA trappat upp den milit\u00e4ra n\u00e4rvaron i Karibien. <a href=\"https:\/\/www.svt.se\/nyheter\/utrikes\/amerikansk-attack-mot-bat-i-karibien\" rel=\"nofollow noopener\" target=\"_blank\">N\u00e4stan 70 personer<\/a> har d\u00f6tt i USA:s kritiserade attacker i omr\u00e5det mot b\u00e5tar som USA misst\u00e4nker fraktar narkotika. FN-representanter har kallat attackerna f\u00f6r \u201doacceptabla\u201d och ett brott mot internationell r\u00e4tt.<\/p>\n<p>Ryssland: Beredd att svara<\/p>\n<p>Utrikesministeriets talesperson Maria Zakharova sade p\u00e5 fredagen att Ryssland \u00e4r berett att svara p\u00e5 Venezuelas beg\u00e4ran, rapporterar Reuters. Samtidigt tillade hon att inte eskalera sp\u00e4nningarna i regionen.<\/p>\n<p>Venezuela och Ryssland har redan ett milit\u00e4rt samarbete. I september n\u00e4rmade sig l\u00e4nderna varandra ytterligare n\u00e4r Venezuelas nationalf\u00f6rsamling godk\u00e4nde ett strategiskt samarbetsavtal med Ryssland.<\/p>\n","protected":false},"excerpt":{"rendered":"Venezuelas president Nicolas Maduro upges ha bett om st\u00f6d fr\u00e5n Ryssland, Kina och Iran. Det skrev Washington Post&hellip;\n","protected":false},"author":2,"featured_media":74595,"comment_status":"","ping_status":"","sticky":false,"template":"","format":"standard","meta":{"footnotes":""},"categories":[14],"tags":[22,23,26,27,17,21,24,25,28,29,15,16,18,34,31,33,32,30,19,20,51,52,53,54],"class_list":{"0":"post-74594","1":"post","2":"type-post","3":"status-publish","4":"format-standard","5":"has-post-thumbnail","7":"category-varlden","8":"tag-breaking-news","9":"tag-breakingnews","10":"tag-featured-news","11":"tag-featurednews","12":"tag-headlines","13":"tag-huvudnyheter","14":"tag-latest-news","15":"tag-latestnews","16":"tag-main-news","17":"tag-mainnews","18":"tag-news","19":"tag-nyheter","20":"tag-rubriker","21":"tag-se","22":"tag-svenska","23":"tag-sverige","24":"tag-sweden","25":"tag-swedish","26":"tag-top-stories","27":"tag-topstories","28":"tag-varlden","29":"tag-world","30":"tag-world-news","31":"tag-worldnews"},"share_on_mastodon":{"url":"https:\/\/pubeurope.com\/@se\/115508242157034045","error":""},"_links":{"self":[{"href":"https:\/\/www.europesays.com\/se\/wp-json\/wp\/v2\/posts\/74594","targetHints":{"allow":["GET"]}}],"collection":[{"href":"https:\/\/www.europesays.com\/se\/wp-json\/wp\/v2\/posts"}],"about":[{"href":"https:\/\/www.europesays.com\/se\/wp-json\/wp\/v2\/types\/post"}],"author":[{"embeddable":true,"href":"https:\/\/www.europesays.com\/se\/wp-json\/wp\/v2\/users\/2"}],"replies":[{"embeddable":true,"href":"https:\/\/www.europesays.com\/se\/wp-json\/wp\/v2\/comments?post=74594"}],"version-history":[{"count":0,"href":"https:\/\/www.europesays.com\/se\/wp-json\/wp\/v2\/posts\/74594\/revisions"}],"wp:featuredmedia":[{"embeddable":true,"href":"https:\/\/www.europesays.com\/se\/wp-json\/wp\/v2\/media\/74595"}],"wp:attachment":[{"href":"https:\/\/www.europesays.com\/se\/wp-json\/wp\/v2\/media?parent=74594"}],"wp:term":[{"taxonomy":"category","embeddable":true,"href":"https:\/\/www.europesays.com\/se\/wp-json\/wp\/v2\/categories?post=74594"},{"taxonomy":"post_tag","embeddable":true,"href":"https:\/\/www.europesays.com\/se\/wp-json\/wp\/v2\/tags?post=74594"}],"curies":[{"name":"wp","href":"https:\/\/api.w.org\/{rel}","templated":true}]}}