{"id":74617,"date":"2025-11-07T12:15:18","date_gmt":"2025-11-07T12:15:18","guid":{"rendered":"https:\/\/www.europesays.com\/se\/74617\/"},"modified":"2025-11-07T12:15:18","modified_gmt":"2025-11-07T12:15:18","slug":"arbetslivets-jubelarsfirande-over-10-000-pilgrimer-i-rom","status":"publish","type":"post","link":"https:\/\/www.europesays.com\/se\/74617\/","title":{"rendered":"Arbetslivets jubel\u00e5rsfirande &#8211; \u00f6ver 10 000 pilgrimer i Rom"},"content":{"rendered":"<p>Tusentals troende fr\u00e5n arbetslivsorganisationer och frivilligorganisationer v\u00e4ntas. L\u00f6rdagen den 8 november h\u00e5lls jubel\u00e5rsm\u00e4ssan f\u00f6r dem med p\u00e5ven Leo XIV p\u00e5 Petersplatsen, innan de g\u00e5r genom Peterskyrkans heliga port.<\/p>\n<p><b>Vatican News<\/b><\/p>\n<p>L\u00f6rdagen den 8 november 2025 h\u00e5lls arbetslivets jubel\u00e5rsfirande i Rom. Omkring 10 000 pilgrimer som representerar fackf\u00f6reningar, arbetsmarknadsorganisationer och frivilligorganisationer kommer att delta i detta firande \u2013 som ursprungligen var planerat till b\u00f6rjan av maj men sk\u00f6ts upp p\u00e5 grund av p\u00e5ven Franciskus bortg\u00e5ng.<\/p>\n<p>Programmet f\u00f6r firandet omfattar deltagande i Jubel\u00e5rssaudiensen med p\u00e5ven Leo XIV p\u00e5 Petersplatsen kl. 9.30, f\u00f6ljt av m\u00f6jligheten att g\u00e5 genom den heliga porten i Peterskyrkan. I ett pressmeddelande som publicerades torsdagen den 6 november, uttrycker dikasteriet f\u00f6r evangelisering sin tacksamhet till Italiens nationella r\u00e5d f\u00f6r ekonomi och arbete \u201df\u00f6r att ha fr\u00e4mjat inbjudan till alla mellanliggande organ att delta i m\u00f6tet med p\u00e5ven&#8221;.<\/p>\n","protected":false},"excerpt":{"rendered":"Tusentals troende fr\u00e5n arbetslivsorganisationer och frivilligorganisationer v\u00e4ntas. L\u00f6rdagen den 8 november h\u00e5lls jubel\u00e5rsm\u00e4ssan f\u00f6r dem med p\u00e5ven Leo&hellip;\n","protected":false},"author":2,"featured_media":74618,"comment_status":"","ping_status":"","sticky":false,"template":"","format":"standard","meta":{"footnotes":""},"categories":[14],"tags":[22,23,26,27,17,21,24,25,28,29,15,16,18,34,31,33,32,30,19,20,51,52,53,54],"class_list":{"0":"post-74617","1":"post","2":"type-post","3":"status-publish","4":"format-standard","5":"has-post-thumbnail","7":"category-varlden","8":"tag-breaking-news","9":"tag-breakingnews","10":"tag-featured-news","11":"tag-featurednews","12":"tag-headlines","13":"tag-huvudnyheter","14":"tag-latest-news","15":"tag-latestnews","16":"tag-main-news","17":"tag-mainnews","18":"tag-news","19":"tag-nyheter","20":"tag-rubriker","21":"tag-se","22":"tag-svenska","23":"tag-sverige","24":"tag-sweden","25":"tag-swedish","26":"tag-top-stories","27":"tag-topstories","28":"tag-varlden","29":"tag-world","30":"tag-world-news","31":"tag-worldnews"},"share_on_mastodon":{"url":"https:\/\/pubeurope.com\/@se\/115508368021807514","error":""},"_links":{"self":[{"href":"https:\/\/www.europesays.com\/se\/wp-json\/wp\/v2\/posts\/74617","targetHints":{"allow":["GET"]}}],"collection":[{"href":"https:\/\/www.europesays.com\/se\/wp-json\/wp\/v2\/posts"}],"about":[{"href":"https:\/\/www.europesays.com\/se\/wp-json\/wp\/v2\/types\/post"}],"author":[{"embeddable":true,"href":"https:\/\/www.europesays.com\/se\/wp-json\/wp\/v2\/users\/2"}],"replies":[{"embeddable":true,"href":"https:\/\/www.europesays.com\/se\/wp-json\/wp\/v2\/comments?post=74617"}],"version-history":[{"count":0,"href":"https:\/\/www.europesays.com\/se\/wp-json\/wp\/v2\/posts\/74617\/revisions"}],"wp:featuredmedia":[{"embeddable":true,"href":"https:\/\/www.europesays.com\/se\/wp-json\/wp\/v2\/media\/74618"}],"wp:attachment":[{"href":"https:\/\/www.europesays.com\/se\/wp-json\/wp\/v2\/media?parent=74617"}],"wp:term":[{"taxonomy":"category","embeddable":true,"href":"https:\/\/www.europesays.com\/se\/wp-json\/wp\/v2\/categories?post=74617"},{"taxonomy":"post_tag","embeddable":true,"href":"https:\/\/www.europesays.com\/se\/wp-json\/wp\/v2\/tags?post=74617"}],"curies":[{"name":"wp","href":"https:\/\/api.w.org\/{rel}","templated":true}]}}