{"id":74661,"date":"2025-11-07T13:08:09","date_gmt":"2025-11-07T13:08:09","guid":{"rendered":"https:\/\/www.europesays.com\/se\/74661\/"},"modified":"2025-11-07T13:08:09","modified_gmt":"2025-11-07T13:08:09","slug":"pave-leo-xiv-ungdomar-behover-hopp-mening-och-stod-for-att-sta-emot-beroenden","status":"publish","type":"post","link":"https:\/\/www.europesays.com\/se\/74661\/","title":{"rendered":"P\u00e5ve Leo XIV: \u201cUngdomar beh\u00f6ver hopp, mening och st\u00f6d f\u00f6r att st\u00e5 emot beroenden\u201d"},"content":{"rendered":"<p>I en videoh\u00e4lsning till deltagarna vid den sjunde nationella konferensen om beroenden, arrangerad av Italiens ministerr\u00e5d under temat \u201cFrihet fr\u00e5n droger. Tillsammans \u00e4r det m\u00f6jligt\u201d, uppmanade p\u00e5ve Leo XIV till gemensamt ansvar i kampen mot s\u00e5v\u00e4l gamla som nya former av beroende.<\/p>\n<p><b>Vatican News<\/b><\/p>\n<p>P\u00e5ven konstaterade att droger och alkohol fortfarande \u00e4r de mest utbredda beroendena, men att nya former av beroende uppst\u00e5r, och han n\u00e4mner \u00f6verdrivet bruk av internet, datorer och mobiltelefoner.<\/p>\n<p>\u201dF\u00f6rem\u00e5let f\u00f6r beroendet blir en besatthet, som styr beteendet och vardagen,\u201d sade han.<\/p>\n<p>Leo XIV betonade att dessa fenomen ofta \u00e4r symptom p\u00e5 inre lidande och ett f\u00f6rfall av sociala och moraliska v\u00e4rden, s\u00e4rskilt bland unga.<\/p>\n<p><b>Vuxna f\u00f6rebilder<\/b> <\/p>\n<p>\u201dVi lever i en v\u00e4rld utan hopp, d\u00e4r det saknas starka m\u00e4nskliga och andliga f\u00f6rebilder\u2026 M\u00e5nga unga kan inte l\u00e4ngre skilja mellan gott och ont.\u201d<\/p>\n<p>Han lyfte fram vikten av f\u00f6r\u00e4ldrar, skolor, f\u00f6rsamlingar och ungdomsverksamheter som v\u00e4gleder unga mot ansvar och personlig mognad:<\/p>\n<p>\u201dUnga beh\u00f6ver forma sitt samvete, utveckla sitt inre liv och bygga positiva relationer f\u00f6r att formas till fria och ansvarstagande m\u00e4nniskor.\u201d<\/p>\n<p><b>R\u00e4dsla f\u00f6r framtiden<\/b> <\/p>\n<p>P\u00e5ven uttryckte oro \u00f6ver ungas r\u00e4dsla f\u00f6r framtiden och deras tendens att dra sig undan livets utmaningar, och uppmanade hela samh\u00e4llet \u2013 statliga institutioner, frivilligorganisationer och kyrkan \u2013 att erbjuda en n\u00e4rvarande och solidarisk gemenskap:<\/p>\n<p>\u201dVi m\u00e5ste uppfatta de ungas v\u00e4djan om hj\u00e4lp och djupa t\u00f6rst efter att leva.\u201d<\/p>\n<p>Han framh\u00f6ll att kampen mot beroenden kr\u00e4ver f\u00f6rebyggande arbete och en bred samh\u00e4llsinsats.<\/p>\n<p>\u201dV\u00e4gen till f\u00f6rebyggande g\u00e5r genom arbete, utbildning, idrott, ett sunt liv och trons andliga dimension.\u201d<\/p>\n<p>Avslutningsvis uppmuntrade Leo XIV konferensens deltagare att fr\u00e4mja en kultur av solidaritet och gemenskap:<\/p>\n<p>\u201dEn kultur som mots\u00e4tter sig egoismens och nyttot\u00e4nkandets logik, och i st\u00e4llet str\u00e4cker sig mot den andre \u2014 i lyssnande, m\u00f6te och relation, s\u00e4rskilt n\u00e4r den andre \u00e4r s\u00e5rbar och svag.\u201d<\/p>\n","protected":false},"excerpt":{"rendered":"I en videoh\u00e4lsning till deltagarna vid den sjunde nationella konferensen om beroenden, arrangerad av Italiens ministerr\u00e5d under temat&hellip;\n","protected":false},"author":2,"featured_media":74662,"comment_status":"","ping_status":"","sticky":false,"template":"","format":"standard","meta":{"footnotes":""},"categories":[14],"tags":[22,23,26,27,17,21,24,25,28,29,15,16,18,34,31,33,32,30,19,20,51,52,53,54],"class_list":{"0":"post-74661","1":"post","2":"type-post","3":"status-publish","4":"format-standard","5":"has-post-thumbnail","7":"category-varlden","8":"tag-breaking-news","9":"tag-breakingnews","10":"tag-featured-news","11":"tag-featurednews","12":"tag-headlines","13":"tag-huvudnyheter","14":"tag-latest-news","15":"tag-latestnews","16":"tag-main-news","17":"tag-mainnews","18":"tag-news","19":"tag-nyheter","20":"tag-rubriker","21":"tag-se","22":"tag-svenska","23":"tag-sverige","24":"tag-sweden","25":"tag-swedish","26":"tag-top-stories","27":"tag-topstories","28":"tag-varlden","29":"tag-world","30":"tag-world-news","31":"tag-worldnews"},"share_on_mastodon":{"url":"https:\/\/pubeurope.com\/@se\/115508576463835565","error":""},"_links":{"self":[{"href":"https:\/\/www.europesays.com\/se\/wp-json\/wp\/v2\/posts\/74661","targetHints":{"allow":["GET"]}}],"collection":[{"href":"https:\/\/www.europesays.com\/se\/wp-json\/wp\/v2\/posts"}],"about":[{"href":"https:\/\/www.europesays.com\/se\/wp-json\/wp\/v2\/types\/post"}],"author":[{"embeddable":true,"href":"https:\/\/www.europesays.com\/se\/wp-json\/wp\/v2\/users\/2"}],"replies":[{"embeddable":true,"href":"https:\/\/www.europesays.com\/se\/wp-json\/wp\/v2\/comments?post=74661"}],"version-history":[{"count":0,"href":"https:\/\/www.europesays.com\/se\/wp-json\/wp\/v2\/posts\/74661\/revisions"}],"wp:featuredmedia":[{"embeddable":true,"href":"https:\/\/www.europesays.com\/se\/wp-json\/wp\/v2\/media\/74662"}],"wp:attachment":[{"href":"https:\/\/www.europesays.com\/se\/wp-json\/wp\/v2\/media?parent=74661"}],"wp:term":[{"taxonomy":"category","embeddable":true,"href":"https:\/\/www.europesays.com\/se\/wp-json\/wp\/v2\/categories?post=74661"},{"taxonomy":"post_tag","embeddable":true,"href":"https:\/\/www.europesays.com\/se\/wp-json\/wp\/v2\/tags?post=74661"}],"curies":[{"name":"wp","href":"https:\/\/api.w.org\/{rel}","templated":true}]}}