{"id":74711,"date":"2025-11-07T14:20:09","date_gmt":"2025-11-07T14:20:09","guid":{"rendered":"https:\/\/www.europesays.com\/se\/74711\/"},"modified":"2025-11-07T14:20:09","modified_gmt":"2025-11-07T14:20:09","slug":"moviezine-bjuder-pa-bio-se-mads-mikkelsens-nya-succefilm-i-goteborg-och-malmo","status":"publish","type":"post","link":"https:\/\/www.europesays.com\/se\/74711\/","title":{"rendered":"MovieZine bjuder p\u00e5 bio! Se Mads Mikkelsens nya succ\u00e9film i G\u00f6teborg och Malm\u00f6"},"content":{"rendered":"<p>MovieZine bjuder p\u00e5 bio! Den h\u00e4r g\u00e5ngen vill vi sk\u00e4mma bort v\u00e5ra l\u00e4sare i G\u00f6teborg och Malm\u00f6. Bjud med en v\u00e4n, bror, mamma, bandkompis eller partner-in-crime och se den v\u00e5ldsamt underh\u00e5llande \u201dDen siste vikingen\u201d \u2013 f\u00f6re alla andra!<\/p>\n<p><strong>Mads Mikkelsen <\/strong>och <strong>Nikolaj Lie Kaas<\/strong> \u00e5terf\u00f6renas f\u00f6r en ny kriminalkomedi signerad<strong> Anders Thomas Jensen<\/strong> (\u201dAdams \u00e4pplen\u201d, \u201dR\u00e4ttf\u00e4rdighetens ryttare\u201d). \u201dDen siste vikingen\u201d har p\u00e5 kort tid blivit en av deras mest framg\u00e5ngsrika filmer, och har setts av 500 000 danskar.<\/p>\n<p>Om filmen<\/p>\n<p>Anker sl\u00e4pps fri efter 15 \u00e5r i f\u00e4ngelse f\u00f6r r\u00e5n. Hans bror Manfred \u00e4r den enda som vet var pengarna fr\u00e5n r\u00e5net \u00e4r g\u00f6mda. Tyv\u00e4rr \u00e4r Manfred traumatiserad efter deras mors d\u00f6d och har nu flytt in i ett alter ego; ingen mindre \u00e4n Beatles-frontmannen \u201dJohn Lennon\u201d. Och \u201dJohn\u201d vet ingenting om r\u00e5npengarna\u2026<\/p>\n<p>Nedan kan du boka 1 eller 2 gratisbiljetter till f\u00f6rhandsvisningen av \u201dDen siste vikingen\u201d. V\u00e4lj f\u00f6rst vilken stad du vill se filmen i. (Obs: Filmen har en 15-\u00e5rsgr\u00e4ns.)<\/p>\n<p>F\u00f6rhandsvisning i G\u00f6teborg<\/p>\n<ul class=\"wp-block-list\">\n<li>N\u00e4r? M\u00e5ndag 17 november kl. 18:00<\/li>\n<li>Var? Filmstaden Bergakungen (salong 9)<\/li>\n<\/ul>\n<p><a href=\"https:\/\/www.eventbrite.se\/e\/moviezine-forhandsvisar-den-siste-vikingen-gbg-biljetter-1964779842399?aff=oddtdtcreator\" target=\"_blank\" rel=\"noreferrer noopener nofollow\">Boka dina biljetter till G\u00f6teborg h\u00e4r\u2026<\/a><\/p>\n<p>F\u00f6rhandsvisning i Malm\u00f6<\/p>\n<ul class=\"wp-block-list\">\n<li>N\u00e4r? M\u00e5ndag 17 november kl. 18:00<\/li>\n<li>Var? Nordisk Film Mobilia (salong 1)<\/li>\n<\/ul>\n<p><a href=\"https:\/\/www.eventbrite.se\/e\/moviezine-forhandsvisar-den-siste-vikingen-malmo-biljetter-1964780765159?aff=oddtdtcreator\" target=\"_blank\" rel=\"noreferrer noopener nofollow\">Boka dina biljetter till Malm\u00f6 h\u00e4r\u2026<\/a><\/p>\n<p><strong>\u201dDen siste vikingen\u201d f\u00e5r ordinarie biopremi\u00e4r \u00f6ver hela landet den 21 november.<\/strong><\/p>\n<p><img loading=\"lazy\" decoding=\"async\" alt=\"YouTube video\" width=\"480\" height=\"360\" data-pin-nopin=\"true\" nopin=\"nopin\" class=\"perfmatters-lazy\" src=\"https:\/\/www.europesays.com\/se\/wp-content\/uploads\/2025\/11\/1762525209_342_hqdefault.jpg\"\/><\/p>\n","protected":false},"excerpt":{"rendered":"MovieZine bjuder p\u00e5 bio! Den h\u00e4r g\u00e5ngen vill vi sk\u00e4mma bort v\u00e5ra l\u00e4sare i G\u00f6teborg och Malm\u00f6. Bjud&hellip;\n","protected":false},"author":2,"featured_media":74712,"comment_status":"","ping_status":"","sticky":false,"template":"","format":"standard","meta":{"footnotes":""},"categories":[67],"tags":[104,2775,6667,34,31,33,32,30,105],"class_list":{"0":"post-74711","1":"post","2":"type-post","3":"status-publish","4":"format-standard","5":"has-post-thumbnail","7":"category-underhallning","8":"tag-entertainment","9":"tag-europeisk-film","10":"tag-forhandsvisning","11":"tag-se","12":"tag-svenska","13":"tag-sverige","14":"tag-sweden","15":"tag-swedish","16":"tag-underhallning"},"share_on_mastodon":{"url":"https:\/\/pubeurope.com\/@se\/115508859950131835","error":""},"_links":{"self":[{"href":"https:\/\/www.europesays.com\/se\/wp-json\/wp\/v2\/posts\/74711","targetHints":{"allow":["GET"]}}],"collection":[{"href":"https:\/\/www.europesays.com\/se\/wp-json\/wp\/v2\/posts"}],"about":[{"href":"https:\/\/www.europesays.com\/se\/wp-json\/wp\/v2\/types\/post"}],"author":[{"embeddable":true,"href":"https:\/\/www.europesays.com\/se\/wp-json\/wp\/v2\/users\/2"}],"replies":[{"embeddable":true,"href":"https:\/\/www.europesays.com\/se\/wp-json\/wp\/v2\/comments?post=74711"}],"version-history":[{"count":0,"href":"https:\/\/www.europesays.com\/se\/wp-json\/wp\/v2\/posts\/74711\/revisions"}],"wp:featuredmedia":[{"embeddable":true,"href":"https:\/\/www.europesays.com\/se\/wp-json\/wp\/v2\/media\/74712"}],"wp:attachment":[{"href":"https:\/\/www.europesays.com\/se\/wp-json\/wp\/v2\/media?parent=74711"}],"wp:term":[{"taxonomy":"category","embeddable":true,"href":"https:\/\/www.europesays.com\/se\/wp-json\/wp\/v2\/categories?post=74711"},{"taxonomy":"post_tag","embeddable":true,"href":"https:\/\/www.europesays.com\/se\/wp-json\/wp\/v2\/tags?post=74711"}],"curies":[{"name":"wp","href":"https:\/\/api.w.org\/{rel}","templated":true}]}}