{"id":74721,"date":"2025-11-07T14:30:22","date_gmt":"2025-11-07T14:30:22","guid":{"rendered":"https:\/\/www.europesays.com\/se\/74721\/"},"modified":"2025-11-07T14:30:22","modified_gmt":"2025-11-07T14:30:22","slug":"ai-ger-framtidstro-men-ocksa-nya-tvivel-pa-jobbet","status":"publish","type":"post","link":"https:\/\/www.europesays.com\/se\/74721\/","title":{"rendered":"AI ger framtidstro \u2013 men ocks\u00e5 nya tvivel p\u00e5 jobbet"},"content":{"rendered":"<p>Anv\u00e4ndningen av artificiell intelligens i svenska f\u00f6retag tog rej\u00e4l fart under 2025. Enligt nya siffror fr\u00e5n <a href=\"https:\/\/www.scb.se\/hitta-statistik\/statistik-efter-amne\/forskning-och-det-digitala-samhallet\/det-digitala-samhallet\/it-anvandning-i-foretag\/pong\/statistiknyhet\/it-anvandning-i-foretag-2025\/\" rel=\"nofollow noopener\" target=\"_blank\">SCB:s unders\u00f6kning<\/a> It-anv\u00e4ndning i f\u00f6retag anv\u00e4nde 35 procent av f\u00f6retagen n\u00e5gon form av AI-teknologi \u2013 en \u00f6kning fr\u00e5n 25 procent \u00e5ret innan.<\/p>\n<p>S\u00e4rskilt tydlig var uppg\u00e5ngen inom informations- och kommunikationsbranschen, d\u00e4r f\u00f6retag ofta hade definierade syften f\u00f6r sin AI-anv\u00e4ndning, som marknadsf\u00f6ring och f\u00f6rs\u00e4ljningsoptimering. <\/p>\n<p>Inom transportsektorn var utvecklingen d\u00e4remot trevande, d\u00e4r m\u00e5nga f\u00f6retag fortfarande saknar en tydlig plan f\u00f6r hur tekniken ska anv\u00e4ndas.<\/p>\n<p>Totalt uppgav 72 procent av de AI-anv\u00e4ndande f\u00f6retagen att de hade konkreta m\u00e5l med sin anv\u00e4ndning \u2013 men n\u00e4ra en tredjedel anv\u00e4nde tekniken utan n\u00e5got definierat syfte. <\/p>\n<p>Det vanligaste anv\u00e4ndningsomr\u00e5det var marknadsf\u00f6ring, f\u00f6ljt av f\u00f6retagsledning och administrativa processer.<\/p>\n<p>\u201cStatistiken visar att AI-teknologi anv\u00e4nds av allt fler f\u00f6retag, men att m\u00e5nga fortfarande famlar efter r\u00e4tt anv\u00e4ndningsomr\u00e5den. Bristen p\u00e5 relevant expertis \u00e4r fortfarande det st\u00f6rsta hindret\u201d, s\u00e4ger <strong>Fredric Nystr\u00f6m<\/strong>, statistiker p\u00e5 <a href=\"https:\/\/www.scb.se\/hitta-statistik\/statistik-efter-amne\/forskning-och-det-digitala-samhallet\/det-digitala-samhallet\/it-anvandning-i-foretag\/pong\/statistiknyhet\/it-anvandning-i-foretag-2025\/\" rel=\"nofollow noopener\" target=\"_blank\">SCB<\/a>.<\/p>\n<p>                <img decoding=\"async\" src=\"https:\/\/www.europesays.com\/se\/wp-content\/uploads\/2025\/11\/1762525821_866_\"\/><\/p>\n<p>                            <a href=\"https:\/\/www.dagensps.se\/foretag\/digitalisering-ai\/hemliga-vapnet-i-rattssalen-fick-svenska-bolaget-att-explodera\/\" class=\"c-external-notice__content\" target=\"_blank\" rel=\"nofollow noopener\"><br \/>\n                Hemliga vapnet i r\u00e4ttssalen fick svenska bolaget att explodera<\/p>\n<p>Ett svenskt startupbolag har p\u00e5 kort tid blivit en gigant inom den globala juristv\u00e4rlden, vilket har lockat till sig enorma investeringar. P\u00e5 mindre \u00e4n<\/p>\n<p>                            <\/a><br \/>\n            Medarbetarna ser karri\u00e4rm\u00f6jligheter<\/p>\n<p>Samtidigt som f\u00f6retagen snabbt tar till sig AI-teknik v\u00e4xer ocks\u00e5 tron p\u00e5 karri\u00e4rlyft bland anst\u00e4llda som anv\u00e4nder den. <\/p>\n<p>En Sifo-unders\u00f6kning fr\u00e5n <a href=\"https:\/\/www.jabra.com\/sv-SE\" rel=\"nofollow noopener\" target=\"_blank\">Jabra<\/a> visar att 64 procent av de som anv\u00e4nder AI dagligen p\u00e5 jobbet ser goda chanser till befordran, j\u00e4mf\u00f6rt med 48 procent bland dem som aldrig anv\u00e4nder tekniken.<\/p>\n<p>\u00c4ven n\u00e4r det g\u00e4ller l\u00f6neutveckling \u00e4r optimismen tydlig. Tre av fyra AI-anv\u00e4ndare tror p\u00e5 l\u00f6nef\u00f6rh\u00f6jning inom \u00f6versk\u00e5dlig tid \u2013 en siffra som sjunker till 68 procent bland icke-anv\u00e4ndarna.<\/p>\n<p>\u201cDet finns en tydlig koppling mellan hur ofta man anv\u00e4nder AI och hur man ser p\u00e5 sina m\u00f6jligheter i arbetslivet. N\u00e4r tekniken blir en naturlig del av vardagen f\u00f6r\u00e4ndras ocks\u00e5 v\u00e5r syn p\u00e5 karri\u00e4rutveckling\u201d, s\u00e4ger <strong>Steen Marquard<\/strong>, f\u00f6rs\u00e4ljningschef Norden p\u00e5 Jabra.<\/p>\n<p>                <img decoding=\"async\" src=\"https:\/\/www.europesays.com\/se\/wp-content\/uploads\/2025\/11\/1762525822_984_\"\/><\/p>\n<p>                            <a href=\"https:\/\/www.dagensps.se\/teknik\/ai-rycker-in-nar-julshoppingen-blir-for-mycket\/\" class=\"c-external-notice__content\" target=\"_blank\" rel=\"nofollow noopener\"><br \/>\n                AI rycker in n\u00e4r julshoppingen blir f\u00f6r mycket<\/p>\n<p>Svenskarna l\u00e4gger mer p\u00e5 julklappar 2025 \u2013 men tre av fyra k\u00e4nner k\u00f6pstress och s\u00f6ker hj\u00e4lp fr\u00e5n AI och fysiska butiker. Julhandeln \u00f6kar trots att m\u00e5nga<\/p>\n<p>                            <\/a><\/p>\n","protected":false},"excerpt":{"rendered":"Anv\u00e4ndningen av artificiell intelligens i svenska f\u00f6retag tog rej\u00e4l fart under 2025. Enligt nya siffror fr\u00e5n SCB:s unders\u00f6kning&hellip;\n","protected":false},"author":2,"featured_media":74722,"comment_status":"","ping_status":"","sticky":false,"template":"","format":"standard","meta":{"footnotes":""},"categories":[65],"tags":[713,466,72,70,71,6668,34,31,33,32,30],"class_list":{"0":"post-74721","1":"post","2":"type-post","3":"status-publish","4":"format-standard","5":"has-post-thumbnail","7":"category-ekonomi","8":"tag-ai","9":"tag-artificiell-intelligens","10":"tag-business","11":"tag-economy","12":"tag-ekonomi","13":"tag-scb-statistik","14":"tag-se","15":"tag-svenska","16":"tag-sverige","17":"tag-sweden","18":"tag-swedish"},"share_on_mastodon":{"url":"https:\/\/pubeurope.com\/@se\/115508899152329659","error":""},"_links":{"self":[{"href":"https:\/\/www.europesays.com\/se\/wp-json\/wp\/v2\/posts\/74721","targetHints":{"allow":["GET"]}}],"collection":[{"href":"https:\/\/www.europesays.com\/se\/wp-json\/wp\/v2\/posts"}],"about":[{"href":"https:\/\/www.europesays.com\/se\/wp-json\/wp\/v2\/types\/post"}],"author":[{"embeddable":true,"href":"https:\/\/www.europesays.com\/se\/wp-json\/wp\/v2\/users\/2"}],"replies":[{"embeddable":true,"href":"https:\/\/www.europesays.com\/se\/wp-json\/wp\/v2\/comments?post=74721"}],"version-history":[{"count":0,"href":"https:\/\/www.europesays.com\/se\/wp-json\/wp\/v2\/posts\/74721\/revisions"}],"wp:featuredmedia":[{"embeddable":true,"href":"https:\/\/www.europesays.com\/se\/wp-json\/wp\/v2\/media\/74722"}],"wp:attachment":[{"href":"https:\/\/www.europesays.com\/se\/wp-json\/wp\/v2\/media?parent=74721"}],"wp:term":[{"taxonomy":"category","embeddable":true,"href":"https:\/\/www.europesays.com\/se\/wp-json\/wp\/v2\/categories?post=74721"},{"taxonomy":"post_tag","embeddable":true,"href":"https:\/\/www.europesays.com\/se\/wp-json\/wp\/v2\/tags?post=74721"}],"curies":[{"name":"wp","href":"https:\/\/api.w.org\/{rel}","templated":true}]}}