{"id":74788,"date":"2025-11-07T16:01:14","date_gmt":"2025-11-07T16:01:14","guid":{"rendered":"https:\/\/www.europesays.com\/se\/74788\/"},"modified":"2025-11-07T16:01:14","modified_gmt":"2025-11-07T16:01:14","slug":"nanasi-om-landslagsnobben-det-ar-trakigt","status":"publish","type":"post","link":"https:\/\/www.europesays.com\/se\/74788\/","title":{"rendered":"Nanasi om landslagsnobben: &#8221;Det \u00e4r tr\u00e5kigt&#8221;"},"content":{"rendered":"<p><strong>Sebastian Nanasi \u00e5terv\u00e4nde till svensk mark n\u00e4r hans Strasbourg besegrade BK H\u00e4cken i Conference League. <br \/>Efter matchen hamnade fokus p\u00e5 nya nobben i landslaget.<br \/>\u2013 Det \u00e4r tr\u00e5kigt men jag accepterar Potters beslut, s\u00e4ger han efter matchen.<\/strong><\/p>\n<p><a href=\"https:\/\/fotbolldirekt.se\/spelare\/sebastian-nanasi\/\" rel=\"nofollow noopener\" target=\"_blank\">Sebastian Nanasi<\/a> var tillbaka p\u00e5 svensk mark n\u00e4r hans <a href=\"https:\/\/fotbolldirekt.se\/conference-league\/just-nu-hacken-akte-pa-forlust-mot-strasbourg\/\" rel=\"nofollow noopener\" target=\"_blank\">Strasbourg g\u00e4stade BK H\u00e4cken<\/a> i den tredje omg\u00e5ngen av Conference League. <\/p>\n<p>\u2013 Det \u00e4r speciellt, roligt att vara p\u00e5 hemmaplan igen\u2026 eller hemmaplan och hemmaplan men i Sverige iallafall, s\u00e4ger Nanasi efter matchen.<\/p>\n<p>Strasbourg l\u00e4mnade G\u00f6teborg med tre po\u00e4ng efter seger, och Nanasi, som nyligen kommit tillbaka fr\u00e5n en skadeperiod \u2013 spelade drygt 70 minuter innan han byttes ut.<\/p>\n<p>\u2013 Jag tycker att BK H\u00e4cken g\u00f6r det v\u00e4ldigt bra. Vi g\u00f6r det stundtals bra men vi g\u00f6r r\u00e4tt grejer och f\u00e5r in n\u00e5gra m\u00e5l och s\u00e5 sl\u00e4pper vi bara in ett m\u00e5l bak\u00e5t. <\/p>\n<p><strong>Hur k\u00e4nns formen?<br \/><\/strong>\u2013 Formen kommer sakta men s\u00e4kert. Det jobbigaste har varit att orka och det g\u00e4ller att forts\u00e4tta bygga upp fysiken igen.<\/p>\n<p>Nobbad i landslaget<\/p>\n<p>Tidigare i veckan presenterade Graham Potter sin f\u00f6rsta trupp som f\u00f6rbundskapten\u00a0och <strong>Nanasi var inte en av de spelarna<\/strong> som fanns med.<\/p>\n<p>\u2013 Graham Potter ringde upp mig och ber\u00e4ttade att det hade varit ett tufft beslut, s\u00e4ger han och forts\u00e4tte<br \/>\u2013 Det \u00e4r h\u00e5rd konkurrens i landslaget s\u00e5 det g\u00e4ller att vara \u00f6dmjuk och f\u00f6r mig g\u00e4ller det bara att forts\u00e4tta jobba h\u00e5rt och sen kommer det en ny samling l\u00e4ngre fram.<\/p>\n<p>Emil Forsberg blev under torsdagen inkallad efter att Taha Ali tvingats l\u00e4mna \u00e5terbud p\u00e5 grund av skada. <\/p>\n<p><strong>Fick du hopp om att du kanske skulle f\u00e5 den platsen?<br \/><\/strong>\u2013 Hopp och hopp. Blir jag uttagen s\u00e5 blir jag det och blir jag inte det s\u00e5 blir jag inte det. Men det \u00e4r klart att jag tycker det \u00e4r tr\u00e5kigt men jag accepterar Potters beslut.<\/p>\n<p><a href=\"https:\/\/fotbolldirekt.se\/landslag\/herrlandslaget\/\" rel=\"nofollow noopener\" target=\"_blank\">Sverige<\/a> st\u00e4lls mot Schweiz och Slovenien den 15 respektive 18 november. <\/p>\n","protected":false},"excerpt":{"rendered":"Sebastian Nanasi \u00e5terv\u00e4nde till svensk mark n\u00e4r hans Strasbourg besegrade BK H\u00e4cken i Conference League. Efter matchen hamnade&hellip;\n","protected":false},"author":2,"featured_media":74789,"comment_status":"","ping_status":"","sticky":false,"template":"","format":"standard","meta":{"footnotes":""},"categories":[68],"tags":[353,34,111,110,31,33,32,30],"class_list":{"0":"post-74788","1":"post","2":"type-post","3":"status-publish","4":"format-standard","5":"has-post-thumbnail","7":"category-sport","8":"tag-forsta-trean","9":"tag-se","10":"tag-sport","11":"tag-sports","12":"tag-svenska","13":"tag-sverige","14":"tag-sweden","15":"tag-swedish"},"share_on_mastodon":{"url":"https:\/\/pubeurope.com\/@se\/115509256728541350","error":""},"_links":{"self":[{"href":"https:\/\/www.europesays.com\/se\/wp-json\/wp\/v2\/posts\/74788","targetHints":{"allow":["GET"]}}],"collection":[{"href":"https:\/\/www.europesays.com\/se\/wp-json\/wp\/v2\/posts"}],"about":[{"href":"https:\/\/www.europesays.com\/se\/wp-json\/wp\/v2\/types\/post"}],"author":[{"embeddable":true,"href":"https:\/\/www.europesays.com\/se\/wp-json\/wp\/v2\/users\/2"}],"replies":[{"embeddable":true,"href":"https:\/\/www.europesays.com\/se\/wp-json\/wp\/v2\/comments?post=74788"}],"version-history":[{"count":0,"href":"https:\/\/www.europesays.com\/se\/wp-json\/wp\/v2\/posts\/74788\/revisions"}],"wp:featuredmedia":[{"embeddable":true,"href":"https:\/\/www.europesays.com\/se\/wp-json\/wp\/v2\/media\/74789"}],"wp:attachment":[{"href":"https:\/\/www.europesays.com\/se\/wp-json\/wp\/v2\/media?parent=74788"}],"wp:term":[{"taxonomy":"category","embeddable":true,"href":"https:\/\/www.europesays.com\/se\/wp-json\/wp\/v2\/categories?post=74788"},{"taxonomy":"post_tag","embeddable":true,"href":"https:\/\/www.europesays.com\/se\/wp-json\/wp\/v2\/tags?post=74788"}],"curies":[{"name":"wp","href":"https:\/\/api.w.org\/{rel}","templated":true}]}}