{"id":74813,"date":"2025-11-07T16:40:14","date_gmt":"2025-11-07T16:40:14","guid":{"rendered":"https:\/\/www.europesays.com\/se\/74813\/"},"modified":"2025-11-07T16:40:14","modified_gmt":"2025-11-07T16:40:14","slug":"beslutet-ingen-licensjakt-pa-varg-i-varmland-oroade-over-minskningen-nwt","status":"publish","type":"post","link":"https:\/\/www.europesays.com\/se\/74813\/","title":{"rendered":"Beslutet: Ingen licensjakt p\u00e5 varg i V\u00e4rmland: \u201dOroade \u00f6ver minskningen\u201d &#8211; NWT"},"content":{"rendered":"<ol>\n<li><a href=\"https:\/\/news.google.com\/rss\/articles\/CBMiqAFBVV95cUxOdl9aRXZlWmQ3WVd3RmcwVW9rT0lRQUFZbXpmRWpZVXVaMmRTR2xfQ2JMaVBFaVZBOERPanZzcEtkVGpfYnFsTEYtYUlWcmJQNDJfU195eWRTX3lQZlpRSmhNRHRlZjNCUjdkNDRva1cyaWJVWGlGMnh4VmMyN281RXUtZVJna3pKYkJneEdoTDFVeV85LW52T09rWEpzSlpZUEhHazB0NDQ?oc=5\" target=\"_blank\" rel=\"nofollow noopener\">Beslutet: Ingen licensjakt p\u00e5 varg i V\u00e4rmland: \u201dOroade \u00f6ver minskningen\u201d<\/a>&nbsp;&nbsp;NWT<\/li>\n<li><a href=\"https:\/\/news.google.com\/rss\/articles\/CBMikAFBVV95cUxNSlVtSDJCLXV4YjY2QXItQ0NtdDVhQ3AwanB4bk40ejBpR0g4UFBaMHRJZ05GSDdITEVlQjJYZnB6bk9VYmtMX0FTY1E5WktlRG9NWHFzTnBWT1NjLTVoTTZtbUtkSEVtTmRBVlFPSUlqZHNDeTRINjA4UTNodjZCSW5CZkdHeHRKVTdxSWJ4Nng?oc=5\" target=\"_blank\" rel=\"nofollow noopener\">Flest vargar f\u00e5r skjutas i \u00d6rebro l\u00e4n i vinter<\/a>&nbsp;&nbsp;SVT Nyheter<\/li>\n<li><a href=\"https:\/\/news.google.com\/rss\/articles\/CBMiiAFBVV95cUxPZzBMSy1EMldHWW11NFpCQldPOEFZOE1YX3JQZHh1dTloRmdqQUhRQnRFNHhpck5MaVVYLXRiWmZ6MTFwVUQ3ZGZ5U21xT1Q2MzdNbGZDMVNScW9COWU2clZOVG1ycTFVMDZOODl6VzJZNTFBU0lnVzVtQkMxUzdXaDI2bXU5OU5H?oc=5\" target=\"_blank\" rel=\"nofollow noopener\">H\u00e4r ska vargarna f\u00e4llas p\u00e5 kommande licensjakt<\/a>&nbsp;&nbsp;Svensk Jakt<\/li>\n<li><a href=\"https:\/\/news.google.com\/rss\/articles\/CBMiqAFBVV95cUxOSG93V2dLR2J2YUNPNGFWd0dheHpFbGF6MkF5Mk10U2hfbHBhY0hmb0REWWJNZDhxZ1dfeGpVWXd5RGVvMzJReFhxVkFmOFNhYWtkMmpqdE9KdWhFMDRaOHBmZlFZYklrLWJHZElQRFJwZUFYVDAxOUxtM3Eyb1oybkdGS24tal94ZEtiZm16Z01MTEh0dFkyeHdvbFp3WnVLZ0dkNnlKNTg?oc=5\" target=\"_blank\" rel=\"nofollow noopener\">Minskad vargstam under vintern 2026<\/a>&nbsp;&nbsp;Via TT<\/li>\n<li><a href=\"https:\/\/news.google.com\/rss\/articles\/CBMi4wFBVV95cUxNd2JJQ2VtbkVwR0V1MkRGUDhUUklHQjZsUWE2dTR4ZTlHWEdpUjhRT1ZIOExCWndQT1ZudEN0LVh3M2hVa3p3VTdMLUNCclZIUzJfUU8yZG1hMFJiY3VnZEk1eldKQk1HYzU4OGlvc0VCcDN1OW4wRmNBWmRZSVN5ZElUay1jak41U3k2T2VoUldYNWQ4ZVh2bUhMQ052SG5uYVNNYzRWTTB4YlVvZk1fUDdlWHVud2R6am93dzV2REQwcU5qQUVGdkNuRTJ1emhYSllyTEc5OE83dWFkdlNSZjJHWQ?oc=5\" target=\"_blank\" rel=\"nofollow noopener\">Licensjakt efter 12 vargar i V\u00e4stmanlands l\u00e4n<\/a>&nbsp;&nbsp;L\u00e4nsstyrelsen<\/li>\n<\/ol>\n","protected":false},"excerpt":{"rendered":"Beslutet: Ingen licensjakt p\u00e5 varg i V\u00e4rmland: \u201dOroade \u00f6ver minskningen\u201d&nbsp;&nbsp;NWT Flest vargar f\u00e5r skjutas i \u00d6rebro l\u00e4n i&hellip;\n","protected":false},"author":2,"featured_media":74814,"comment_status":"","ping_status":"","sticky":false,"template":"","format":"standard","meta":{"footnotes":""},"categories":[12],"tags":[22,23,26,27,17,21,24,25,28,29,15,16,18,34,31,33,32,30,19,20],"class_list":{"0":"post-74813","1":"post","2":"type-post","3":"status-publish","4":"format-standard","5":"has-post-thumbnail","7":"category-sverige","8":"tag-breaking-news","9":"tag-breakingnews","10":"tag-featured-news","11":"tag-featurednews","12":"tag-headlines","13":"tag-huvudnyheter","14":"tag-latest-news","15":"tag-latestnews","16":"tag-main-news","17":"tag-mainnews","18":"tag-news","19":"tag-nyheter","20":"tag-rubriker","21":"tag-se","22":"tag-svenska","23":"tag-sverige","24":"tag-sweden","25":"tag-swedish","26":"tag-top-stories","27":"tag-topstories"},"share_on_mastodon":{"url":"https:\/\/pubeurope.com\/@se\/115509410386369046","error":""},"_links":{"self":[{"href":"https:\/\/www.europesays.com\/se\/wp-json\/wp\/v2\/posts\/74813","targetHints":{"allow":["GET"]}}],"collection":[{"href":"https:\/\/www.europesays.com\/se\/wp-json\/wp\/v2\/posts"}],"about":[{"href":"https:\/\/www.europesays.com\/se\/wp-json\/wp\/v2\/types\/post"}],"author":[{"embeddable":true,"href":"https:\/\/www.europesays.com\/se\/wp-json\/wp\/v2\/users\/2"}],"replies":[{"embeddable":true,"href":"https:\/\/www.europesays.com\/se\/wp-json\/wp\/v2\/comments?post=74813"}],"version-history":[{"count":0,"href":"https:\/\/www.europesays.com\/se\/wp-json\/wp\/v2\/posts\/74813\/revisions"}],"wp:featuredmedia":[{"embeddable":true,"href":"https:\/\/www.europesays.com\/se\/wp-json\/wp\/v2\/media\/74814"}],"wp:attachment":[{"href":"https:\/\/www.europesays.com\/se\/wp-json\/wp\/v2\/media?parent=74813"}],"wp:term":[{"taxonomy":"category","embeddable":true,"href":"https:\/\/www.europesays.com\/se\/wp-json\/wp\/v2\/categories?post=74813"},{"taxonomy":"post_tag","embeddable":true,"href":"https:\/\/www.europesays.com\/se\/wp-json\/wp\/v2\/tags?post=74813"}],"curies":[{"name":"wp","href":"https:\/\/api.w.org\/{rel}","templated":true}]}}