{"id":74819,"date":"2025-11-07T16:44:10","date_gmt":"2025-11-07T16:44:10","guid":{"rendered":"https:\/\/www.europesays.com\/se\/74819\/"},"modified":"2025-11-07T16:44:10","modified_gmt":"2025-11-07T16:44:10","slug":"losenordet-till-museets-cctv-var-louvre-2014","status":"publish","type":"post","link":"https:\/\/www.europesays.com\/se\/74819\/","title":{"rendered":"L\u00f6senordet till museets CCTV var \u201dLouvre\u201d 2014"},"content":{"rendered":"<p>Redan innan juvelkuppen p\u00e5 Louvren var flera s\u00e4kerhetsbrister k\u00e4nda. 2014 var ett av museets viktigaste l\u00f6senord kort och gott \u201dLOUVRE\u201d, rapporterar CNN. L\u00f6senordet gick till museets system f\u00f6r \u00f6vervakningskameror (CCTV).<\/p>\n<p>Den franska myndigheten f\u00f6r informationss\u00e4kerhet rekommenderade d\u00e5 Louvren att st\u00e4rka cybers\u00e4kerheten. Myndigheten uppger f\u00f6r kanalen att det \u201dinte kan anses vara representativt f\u00f6r den nuvarande s\u00e4kerhetsniv\u00e5n\u201d i Louvrens it-system.<\/p>\n<p>Louvrens ledning kritiseras f\u00f6r att de fokuserat p\u00e5 ink\u00f6p av konst och renoveringsprojekt i st\u00e4llet f\u00f6r att uppr\u00e4tth\u00e5lla s\u00e4kerheten p\u00e5 museet. <\/p>\n<p>Omni \u00e4r politiskt obundna och oberoende. Vi str\u00e4var efter att ge fler perspektiv p\u00e5 nyheterna. Har du fr\u00e5gor eller synpunkter kring v\u00e5r rapportering? <a href=\"https:\/\/omni.se\/losenordet-till-museets-cctv-var-louvre-2014\/a\/mailto:redaktion@omni.se\" class=\"ArticleActions_contactLink__W2F1M\" rel=\"nofollow noopener\" target=\"_blank\">Kontakta redaktionen<\/a><\/p>\n","protected":false},"excerpt":{"rendered":"Redan innan juvelkuppen p\u00e5 Louvren var flera s\u00e4kerhetsbrister k\u00e4nda. 2014 var ett av museets viktigaste l\u00f6senord kort och&hellip;\n","protected":false},"author":2,"featured_media":74820,"comment_status":"","ping_status":"","sticky":false,"template":"","format":"standard","meta":{"footnotes":""},"categories":[67],"tags":[104,267,266,5585,34,31,33,32,30,105],"class_list":{"0":"post-74819","1":"post","2":"type-post","3":"status-publish","4":"format-standard","5":"has-post-thumbnail","7":"category-underhallning","8":"tag-entertainment","9":"tag-europa","10":"tag-frankrike","11":"tag-louvren","12":"tag-se","13":"tag-svenska","14":"tag-sverige","15":"tag-sweden","16":"tag-swedish","17":"tag-underhallning"},"share_on_mastodon":{"url":"https:\/\/pubeurope.com\/@se\/115509425798603700","error":""},"_links":{"self":[{"href":"https:\/\/www.europesays.com\/se\/wp-json\/wp\/v2\/posts\/74819","targetHints":{"allow":["GET"]}}],"collection":[{"href":"https:\/\/www.europesays.com\/se\/wp-json\/wp\/v2\/posts"}],"about":[{"href":"https:\/\/www.europesays.com\/se\/wp-json\/wp\/v2\/types\/post"}],"author":[{"embeddable":true,"href":"https:\/\/www.europesays.com\/se\/wp-json\/wp\/v2\/users\/2"}],"replies":[{"embeddable":true,"href":"https:\/\/www.europesays.com\/se\/wp-json\/wp\/v2\/comments?post=74819"}],"version-history":[{"count":0,"href":"https:\/\/www.europesays.com\/se\/wp-json\/wp\/v2\/posts\/74819\/revisions"}],"wp:featuredmedia":[{"embeddable":true,"href":"https:\/\/www.europesays.com\/se\/wp-json\/wp\/v2\/media\/74820"}],"wp:attachment":[{"href":"https:\/\/www.europesays.com\/se\/wp-json\/wp\/v2\/media?parent=74819"}],"wp:term":[{"taxonomy":"category","embeddable":true,"href":"https:\/\/www.europesays.com\/se\/wp-json\/wp\/v2\/categories?post=74819"},{"taxonomy":"post_tag","embeddable":true,"href":"https:\/\/www.europesays.com\/se\/wp-json\/wp\/v2\/tags?post=74819"}],"curies":[{"name":"wp","href":"https:\/\/api.w.org\/{rel}","templated":true}]}}