{"id":74821,"date":"2025-11-07T16:48:34","date_gmt":"2025-11-07T16:48:34","guid":{"rendered":"https:\/\/www.europesays.com\/se\/74821\/"},"modified":"2025-11-07T16:48:34","modified_gmt":"2025-11-07T16:48:34","slug":"hemliga-braket-beror-3-787-hyresratter-jonkopings-posten","status":"publish","type":"post","link":"https:\/\/www.europesays.com\/se\/74821\/","title":{"rendered":"Hemliga br\u00e5ket \u2013 ber\u00f6r 3 787 hyresr\u00e4tter &#8211; J\u00f6nk\u00f6pings-Posten"},"content":{"rendered":"<ol>\n<li><a href=\"https:\/\/news.google.com\/rss\/articles\/CBMimAFBVV95cUxPU2tIYXdZZzlOT1hUQVBkM1dMU0dmczB4WktHUHRxYmJTVURVb0NINFcyQkUyejN3LW1IVWlGQjZpZGszQjlvbDhyVDhibXloMUlnZ0Mxb2VmbXhtQ3BDWmFKcktGeEF0MWVYWWlNXy1kOHpYaW4tOWRMaUZOUGtXWlctVEN5Q0NYNWlyOFFWVjdwMS1SRjhfbQ?oc=5\" target=\"_blank\" rel=\"nofollow noopener\">Hemliga br\u00e5ket \u2013 ber\u00f6r 3 787 hyresr\u00e4tter<\/a>&nbsp;&nbsp;J\u00f6nk\u00f6pings-Posten<\/li>\n<li><a href=\"https:\/\/news.google.com\/rss\/articles\/CBMiwAFBVV95cUxPb0dRY2prZ2VuU2xTTS1LYWhQcTBENXpXZkx6YTRCc0w2TEdFM2d5YlRTWHJRdm9CUXJxSnBLRk9EU3gxYy1iS1VYTEdjSC1TTUd0Zk1PTUo0RHJfbkNuOXRsM0JXVHZvZTI1TklYRFMxQl9wYUNqbkRJMUYxNndWcHpQai1rY2xZa3pVQ2g0c3ZuUlBhTk1nZW5wSmpldzVwZzFNcjFWemtudjV6SGJONjVPdG1jOGxzM3FnMXQyUjY?oc=5\" target=\"_blank\" rel=\"nofollow noopener\">Tosito f\u00f6rst med klara hyresf\u00f6rhandlingar i J\u00f6nk\u00f6ping<\/a>&nbsp;&nbsp;Via TT<\/li>\n<li><a href=\"https:\/\/news.google.com\/rss\/articles\/CBMiogFBVV95cUxPSVNHUG8tVUdOVGxVdUpJT3FtR2NtMWtKdnV2Y1ZvNjV2M016VV94SU90bk10WDJOa2NSVm50bTJtLTI5UTAtWERVMVpwLW5nR0hEZGRKbVpWMWlyMGFLOER3aVNmUFhzY25wX0FCZUVadUpUMGtiRE5PYnpaalZ4WlV4YzQ3RVl1VGNDUGxGcnYtM1I5eHdBUFRkZVRja0htdXc?oc=5\" target=\"_blank\" rel=\"nofollow noopener\">F\u00f6rsta hyresf\u00f6rhandlingen klar \u2013 l\u00e4gsta h\u00f6jningen p\u00e5 l\u00e4nge<\/a>&nbsp;&nbsp;SVT Nyheter<\/li>\n<li><a href=\"https:\/\/news.google.com\/rss\/articles\/CBMibkFVX3lxTFBnMDRySkIzWEk1X2JYaUk5R3MwUkxjQmNRYkV0T2xTdzNVVHNnNFJOaENfNmtHOWpFQ29XT0IyRFJUMVp4b0c2SzlQcnJaVlNhX1FMckxCc3JCTmtfVVRjdjlyLVVYOGFGSVNvZU9n?oc=5\" target=\"_blank\" rel=\"nofollow noopener\">Nya hyror \u2013 200 hyresg\u00e4ster ber\u00f6rs<\/a>&nbsp;&nbsp;J\u00f6nk\u00f6pings-Posten<\/li>\n<li><a href=\"https:\/\/news.google.com\/rss\/articles\/CBMilAFBVV95cUxNUFJnUDRiSV9sX3ZwTXZKQ0hVVVZ6cWtvTFAtVEZPNU5NWllQdGpKZzBYWHAzc3lhYkdXUnVsLU40ZlBBTEEtaEZ6S0I4amxlanZqU0xLVTZTaGRrMGZzRHh6SUQ1R2JGdWNkdFZFMjU1TDdhT0JwNEdlOFNuQVlWcUxjSUZqOFk0d0pkVXUyWG14VWIw?oc=5\" target=\"_blank\" rel=\"nofollow noopener\">Hemliga br\u00e5ket om din hyra \u2013 ber\u00f6r 3 787 hyresr\u00e4tter<\/a>&nbsp;&nbsp;J\u00f6nk\u00f6pings-Posten<\/li>\n<\/ol>\n","protected":false},"excerpt":{"rendered":"Hemliga br\u00e5ket \u2013 ber\u00f6r 3 787 hyresr\u00e4tter&nbsp;&nbsp;J\u00f6nk\u00f6pings-Posten Tosito f\u00f6rst med klara hyresf\u00f6rhandlingar i J\u00f6nk\u00f6ping&nbsp;&nbsp;Via TT F\u00f6rsta hyresf\u00f6rhandlingen klar&hellip;\n","protected":false},"author":2,"featured_media":74822,"comment_status":"","ping_status":"","sticky":false,"template":"","format":"standard","meta":{"footnotes":""},"categories":[12],"tags":[22,23,26,27,17,21,24,25,28,29,15,16,18,34,31,33,32,30,19,20],"class_list":{"0":"post-74821","1":"post","2":"type-post","3":"status-publish","4":"format-standard","5":"has-post-thumbnail","7":"category-sverige","8":"tag-breaking-news","9":"tag-breakingnews","10":"tag-featured-news","11":"tag-featurednews","12":"tag-headlines","13":"tag-huvudnyheter","14":"tag-latest-news","15":"tag-latestnews","16":"tag-main-news","17":"tag-mainnews","18":"tag-news","19":"tag-nyheter","20":"tag-rubriker","21":"tag-se","22":"tag-svenska","23":"tag-sverige","24":"tag-sweden","25":"tag-swedish","26":"tag-top-stories","27":"tag-topstories"},"share_on_mastodon":{"url":"https:\/\/pubeurope.com\/@se\/115509441582433470","error":""},"_links":{"self":[{"href":"https:\/\/www.europesays.com\/se\/wp-json\/wp\/v2\/posts\/74821","targetHints":{"allow":["GET"]}}],"collection":[{"href":"https:\/\/www.europesays.com\/se\/wp-json\/wp\/v2\/posts"}],"about":[{"href":"https:\/\/www.europesays.com\/se\/wp-json\/wp\/v2\/types\/post"}],"author":[{"embeddable":true,"href":"https:\/\/www.europesays.com\/se\/wp-json\/wp\/v2\/users\/2"}],"replies":[{"embeddable":true,"href":"https:\/\/www.europesays.com\/se\/wp-json\/wp\/v2\/comments?post=74821"}],"version-history":[{"count":0,"href":"https:\/\/www.europesays.com\/se\/wp-json\/wp\/v2\/posts\/74821\/revisions"}],"wp:featuredmedia":[{"embeddable":true,"href":"https:\/\/www.europesays.com\/se\/wp-json\/wp\/v2\/media\/74822"}],"wp:attachment":[{"href":"https:\/\/www.europesays.com\/se\/wp-json\/wp\/v2\/media?parent=74821"}],"wp:term":[{"taxonomy":"category","embeddable":true,"href":"https:\/\/www.europesays.com\/se\/wp-json\/wp\/v2\/categories?post=74821"},{"taxonomy":"post_tag","embeddable":true,"href":"https:\/\/www.europesays.com\/se\/wp-json\/wp\/v2\/tags?post=74821"}],"curies":[{"name":"wp","href":"https:\/\/api.w.org\/{rel}","templated":true}]}}