{"id":74831,"date":"2025-11-07T16:58:10","date_gmt":"2025-11-07T16:58:10","guid":{"rendered":"https:\/\/www.europesays.com\/se\/74831\/"},"modified":"2025-11-07T16:58:10","modified_gmt":"2025-11-07T16:58:10","slug":"anton-saletros-till-mls","status":"publish","type":"post","link":"https:\/\/www.europesays.com\/se\/74831\/","title":{"rendered":"Anton Sal\u00e9tros till MLS"},"content":{"rendered":"<p>Anton Sal\u00e9tros<\/p>\n<p class=\"Paragraph_paragraph__uxXGA Paragraph_l__32960\">29-\u00e5rige Anton Sal\u00e9tros, f\u00f6dd fredagen den 12 april 1996 p\u00e5 S\u00f6dersjukhuset i Stockholm och uppvuxen i Farsta, inledde i sex\u00e5rs\u00e5ldern sitt fotbollsspelande i moderklubben Enskede IK d\u00e4r han sedan stannade i n\u00e5gra \u00e5r. Anton hade bland annat blivande AIK-spelaren Noah Sonko Sundberg som lagkamrat i Enskede IK. H\u00f6sten 2009 var det dags f\u00f6r klubbyte och Anton kom d\u00e5 till AIK Fotbolls ungdomsakademi, strax innan AIK:s herrlag vann dubbeln f\u00f6r f\u00f6rsta g\u00e5ngen efter tv\u00e5 legendariska segrar \u00f6ver IFK G\u00f6teborg inom loppet av en vecka.<\/p>\n<p class=\"Paragraph_paragraph__uxXGA Paragraph_l__32960\">Tisdagen den 6 augusti 2013 debuterade Anton Sal\u00e9tros som sjutton\u00e5ring f\u00f6r AIK:s herrlag, och det var inte i vilken v\u00e4nskapsmatch som helst. F\u00f6r motst\u00e5ndet p\u00e5 Friends Arena stod storlaget Manchester United FC (1\u20131) som under den nye skotske managern David Moyes ledning slipade formen inf\u00f6r starten av Barclays Premier League elva dagar senare. 30 012 \u00e5sk\u00e5dare var p\u00e5 plats i Nationalarenan och efter tre minuter av den andra halvleken var det dags f\u00f6r \u00e4nnu ett av AIK:s patenterade klassm\u00e5l \u00e1 la 2013. Ebenezer Ofori, v\u00e4nsterback i den andra halvleken, spelade upp bollen till inhopparen Alhassan \u201dCrespo\u201d Kamara som klackade vidare till Robin Quaison som fick en stor yta utanf\u00f6r Manchester Uniteds straffomr\u00e5de och han avancerade n\u00e5gra meter innan han hittade det h\u00f6gra krysset framf\u00f6r den norra l\u00e4ktaren. AIK-spelarna jublade vilt tillsammans med publiken efter dr\u00f6mm\u00e5let. Inhopparen \u00c1ngelo Henr\u00edque kvitterade, framspelad av Wilfried Zaha, i den 68:e matchminuten och fem minuter senare var det dags f\u00f6r debut f\u00f6r Anton Sal\u00e9tros d\u00e5 han ersatte innermittf\u00e4ltaren Ibrahim Moro.<\/p>\n<p class=\"Paragraph_paragraph__uxXGA Paragraph_l__32960\">Knappt tre veckor senare satt Anton f\u00f6r f\u00f6rsta g\u00e5ngen p\u00e5 b\u00e4nken i en t\u00e4vlingsmatch d\u00e5 AIK f\u00f6ll med 0\u20131 mot Halmstads BK p\u00e5 \u00d6rjans vall i Hallands l\u00e4ns residensstad. Matchen var \u00e4ven Ebenezer Oforis allsvenska debutmatch. AIK Fotboll kom den 30 augusti 2013 \u00f6verens med Anton Sal\u00e9tros om ett tre\u00e5rskontrakt med A-laget som g\u00e4llde till juli 2016. Anton t\u00e4vlingsdebuterade f\u00f6r AIK hemma mot Gefle IF FF (3\u20130) i Allsvenskan inf\u00f6r 12 587 \u00e5sk\u00e5dare p\u00e5 Friends Arena i Solna den 31 augusti 2013 under chefstr\u00e4naren Andreas Alms ledning d\u00e5 han i tr\u00f6ja nummer 29 ersatte Ibrahim Moro i den 88:e matchminuten. Efter t\u00e4vlingsdebuten satt Anton som ej anv\u00e4nd avbytare p\u00e5 b\u00e4nken i ytterligare fem matcher under h\u00f6sten 2013. AIK slutade p\u00e5 andra plats i den allsvenska tabellen och svarade f\u00f6r 54 m\u00e5l, vi fick g\u00e5 tillbaka till mitten av 1950-talet f\u00f6r att dessf\u00f6rinnan hitta en allsvensk s\u00e4song d\u00e4r AIK gjorde minst 50 m\u00e5l. Anton Sal\u00e9tros blev i november 2013 bronsmedalj\u00f6r tillsammans med det svenska P17-landslaget i U17-VM i F\u00f6renade Arabemiraten d\u00e5 Sverige vann bronsmatchen mot Argentina med 4\u20131. Medaljen var Sveriges f\u00f6rsta genom tiderna i U17-VM. Anton Sal\u00e9tros byttes in i den 61:a matchminuten i bronsmatchen och spelade Sveriges samtliga sju matcher i turneringen.<\/p>\n<p class=\"Paragraph_paragraph__uxXGA Paragraph_l__32960\">Antons f\u00f6rsta start i Allsvenskan skedde den 7 juli 2014 d\u00e5 AIK i den 13:e omg\u00e5ngen m\u00f6tte \u00c5tvidabergs FF (3\u20130) inf\u00f6r 6 028 \u00e5sk\u00e5dare p\u00e5 Kopparvallen i \u00c5tvidaberg. Han startade p\u00e5 innermittf\u00e4ltet tillsammans med Ibrahim Moro i en 4-4-2-uppst\u00e4llning. AIK slutade p\u00e5 tredje plats i tabellen. I Uefa Europa League 2014\/2015 besegrade AIK f\u00f6rst Linfield FC med sammanlagt 2\u20131 innan man i den tredje kvalomg\u00e5ngen f\u00f6ll med 1\u20134 mot FC Astana efter att Gnaget f\u00e5tt rej\u00e4l soppatorsk i returen p\u00e5 hemmaplan som slutade 0\u20133. Anton spelade i alla fyra Uefa-matcherna. Den 20 augusti 2014 vann AIK med 2\u20130 borta mot IFK Lule\u00e5 i den andra omg\u00e5ngen av Svenska cupen 2014\/2015 och Anton var uttagen i startelvan. Det blev 20 t\u00e4vlingsmatcher f\u00f6r Anton Sal\u00e9tros under \u00e5ret, varav sju fr\u00e5n start, och han drog p\u00e5 sig tv\u00e5 gula kort.<\/p>\n<p class=\"Paragraph_paragraph__uxXGA Paragraph_l__32960\">2015 \u00e5kte AIK till Dubai f\u00f6r tr\u00e4ningsl\u00e4ger och i slutet av matchen mot FK Olimpik Donetsk (0\u20130) den 8 februari 2015 l\u00e4mnade Anton planen med ett tejpat kn\u00e4 efter att han f\u00e5tt en fallande motst\u00e5ndare \u00f6ver benet, men n\u00e5gra veckor senare var han tillbaka i spel. T\u00e4vlingss\u00e4songen inleddes f\u00f6r AIK:s del med gruppspelet i Svenska cupen 2014\/2015, men Gnaget tog sig inte vidare fr\u00e5n gruppen d\u00e5 man f\u00f6ll mot Hammarby (1\u20132) i den avg\u00f6rande matchen inf\u00f6r 41 063 \u00e5sk\u00e5dare p\u00e5 Friends Arena, d\u00e4r ett oavgjort resultat hade r\u00e4ckt f\u00f6r AIK-avancemang. Anton satt p\u00e5 b\u00e4nken i tv\u00e5 av matcherna och gjorde ett inhopp borta mot Kristianstads FF (3\u20130) den 28 februari 2015. Under sommaren 2015 spelade AIK i Uefa Europa League 2015\/2016 och man tog sig till den tredje kvalomg\u00e5ngen efter att ha slagit ut finska VPS med sammanlagt 6\u20132 och d\u00e4refter FC Shirak fr\u00e5n Armenien med tv\u00e5 g\u00e5nger 2\u20130. Hemmam\u00f6tet med FC Shirak p\u00e5 Tele2 Arena blev en fullst\u00e4ndigt galen match. G\u00e4sterna avslutade matchen med endast \u00e5tta spelare p\u00e5 planen efter att ha dragit p\u00e5 sig tre r\u00f6da kort under den andra halvleken. AIK:s b\u00e5da m\u00e5l gjordes av Henok Goitom som hyllades som en kung efter matchen. Anton Sal\u00e9tros startade en av Uefa-matcherna, returen i Aten mot Atromitos FC, i avst\u00e4ngda Ebenezer Oforis fr\u00e5nvaro. Grekerna hade vunnit med 3\u20131 p\u00e5 Friends Arena vilket gav AIK en sv\u00e5r uppgift p\u00e5 charmiga Dimotiko Stadio Peristeriou i Aten d\u00e5 Atromitos FC var ett av den grekiska h\u00f6gstaligans b\u00e4sta hemmalag s\u00e4songen 2014\/2015. I samband med en inspark f\u00f6r Atromitos i den 54:e matchminuten slocknade str\u00e5lkastarna och n\u00e4stan allt annat ljus p\u00e5 arenan. Problemet med elen hade b\u00f6rjat ca en halvtimme innan matchstart d\u00e5 de fick s\u00e4tta ig\u00e5ng reservaggregatet som d\u00e4refter h\u00f6ll i ca 100 minuter. Arenan befann sig i totalt m\u00f6rker med undantag av LED-sk\u00e4rmarna som pumpade ut sina budskap. Efter drygt 33 minuter b\u00f6rjade ljuset komma tillbaka, men det skulle dr\u00f6ja ytterligare 21 minuter innan matchen \u00e5terupptogs. I den 67:e matchminuten slog hemmalaget in matchens enda m\u00e5l och AIK var d\u00e4rmed utslagna.<\/p>\n<p class=\"Paragraph_paragraph__uxXGA Paragraph_l__32960\">AIK slutade trea i Allsvenskan och Gnaget satte mellan den 26 juli och 23 september ett nytt klubbrekord d\u00e5 man noterade nio raka segrar i Allsvenskan. Anton startade tv\u00e5 av dessa matcher och gjorde under segersviten inhopp i ytterligare fem matcher. AIK var i vinnarh\u00e5let med tv\u00e5 omg\u00e5ngar kvar sedan man, med Anton p\u00e5 planen, bjudits p\u00e5 tre po\u00e4ng p\u00e5 \u00d6rjans vall i Halmstad efter ett dramatiskt sj\u00e4lvm\u00e5l av hemmalaget som betydde 1\u20130 till AIK i den 94:e matchminuten. I den n\u00e4st sista omg\u00e5ngen tog AIK, med Anton i startelvan ist\u00e4llet f\u00f6r skadade Ebenezer Ofori, emot IFK G\u00f6teborg inf\u00f6r 43 713 \u00e5sk\u00e5dare p\u00e5 Friends Arena och det kokade bland publiken d\u00e5 Henok Goitom slog in ledningsm\u00e5let i den f\u00f6rsta halvleken, men Bl\u00e5vitt v\u00e4nde till 2\u20131. F\u00f6rlusten var AIK:s f\u00f6rsta p\u00e5 hemmaplan under 2015 och slog mer eller mindre undan guldchansen. Det blev under \u00e5ret spel i 26 t\u00e4vlingsmatcher f\u00f6r Anton i AIK-tr\u00f6jan, varav \u00e5tta fr\u00e5n start, och han noterades f\u00f6r ett m\u00e5l och tre m\u00e5lgivande passningar samt drog p\u00e5 sig tv\u00e5 gula kort.<\/p>\n<p class=\"Paragraph_paragraph__uxXGA Paragraph_l__32960\">Det f\u00f6rsta m\u00e5let f\u00f6r honom kom borta mot Eker\u00f6 IK (6\u20130) inf\u00f6r 4 308 \u00e5sk\u00e5dare p\u00e5 Tr\u00e4kvistavallen p\u00e5 Eker\u00f6 i den andra omg\u00e5ngen av Svenska cupen 2015\/2016 den 19 augusti 2015. Eker\u00f6 IK l\u00e5g inf\u00f6r cupm\u00f6tet sist Division 2 S\u00f6dra Svealand, medan Gnaget l\u00e5g trea i Allsvenskan och publiksiffran var ett publikrekord f\u00f6r Tr\u00e4kvistavallen. I den 82:a matchminuten svarade Anton Sal\u00e9tros f\u00f6r sitt f\u00f6rsta m\u00e5l i AIK-tr\u00f6jan efter att Niclas Eliasson slagit en h\u00f6rna efter marken fr\u00e5n v\u00e4nster som Henok Goitom l\u00e4t g\u00e5 vidare till Sal\u00e9tros som med ett markskott slog in 4\u20130 bakom hemmalagets m\u00e5lvakt Jonathan Nyman. P\u00e5 stopptid slog sedan Anton en magisk l\u00e5ngboll fr\u00e5n egen planhalva som n\u00e5dde Henok Goitom och han lobbade fr\u00e5n l\u00e5ngt h\u00e5ll iskallt in bollen \u00f6ver den p\u00e5 mellanhand placerade m\u00e5lvakten och 6\u20130 var d\u00e4rmed ett faktum.<\/p>\n<p class=\"Paragraph_paragraph__uxXGA Paragraph_l__32960\">AIK spelade i februari\/mars 2016 gruppspelet i Svenska cupen 2015\/2016 och vann sin grupp med Varbergs BoIS (2\u20131), Tenhults IF (6\u20130) och Falkenbergs FF (2\u20131). I kvartsfinalen mot Hammarby inf\u00f6r 23 860 \u00e5sk\u00e5dare p\u00e5 Friends Arena den 15 mars 2016 var st\u00e4llningen 1\u20131 efter ordinarie tid och f\u00f6rl\u00e4ngning. Bortalaget var dock s\u00e4krare fr\u00e5n straffpunkten och AIK:s cupresa tog slut. Anton Sal\u00e9tros startade samtliga cupmatcher och spelade alla minuter. AIK slutade p\u00e5 andra plats i Allsvenskan efter att ha noterat 17 vinster, nio oavgjorda matcher och fyra f\u00f6rluster. Andraplatsen innebar att AIK vann det stora silvret samt s\u00e4krade en plats i det kommande kvalspelet till Uefa Europa League 2017\/18. 2016 var fj\u00e4rde allsvenska s\u00e4songen i rad som AIK noterade \u00f6ver 50 gjorda m\u00e5l, n\u00e5got som klubben senast gjorde s\u00e4songerna 1929\/1930 -1932\/1933. AIK st\u00e4lldes i den f\u00f6rsta kvalomg\u00e5ngen till gruppspelet i Uefa Europa League 2016\/2017 mot walesiska Bala Town FC och avancerade efter sammanlagt 4\u20130. I den andra omg\u00e5ngen st\u00e4lldes AIK mot Europa FC fr\u00e5n Gibraltar och AIK gick vidare efter sammanlagt 2\u20130. AIK lottades i den tredje omg\u00e5ngen mot Panathinaikos FC fr\u00e5n Aten och AIK f\u00f6rlorade med sammanlagt 0\u20133. I den andra omg\u00e5ngen av Svenska cupen 2016\/2017 st\u00e4lldes AIK mot IFK Lule\u00e5 den 24 augusti 2016 och vann med 2\u20130. 2016 spelade Anton 28 t\u00e4vlingsmatcher, varav 21 fr\u00e5n start, och han noterade sitt f\u00f6rsta allsvenska m\u00e5l d\u00e5 han hemma mot IF Elfsborg (2\u20131) inf\u00f6r 13 422 \u00e5sk\u00e5dare p\u00e5 Friends Arena den 25 april 2016 gjorde 2\u20131-m\u00e5let fr\u00e5n l\u00e5ngt h\u00e5ll i den 44:e matchminuten. Han noterades \u00e4ven f\u00f6r fyra gula kort. Den 20 juni 2016 kom AIK Fotboll och Anton Sal\u00e9tros \u00f6verens om villkoren f\u00f6r en kontraktsf\u00f6rl\u00e4ngning och det nya avtalet skrevs till och med den 31 december 2018.<\/p>\n<p class=\"Paragraph_paragraph__uxXGA Paragraph_l__32960\">2017 inleddes t\u00e4vlingss\u00e4songen i februari med gruppspel i Svenska cupen 2016\/2017 och laget kvalificerade sig f\u00f6r kvartsfinal d\u00e4r laget f\u00f6ll mot BK H\u00e4cken (0\u20133) borta p\u00e5 Bravida Arena p\u00e5 Hisingen efter tre sena m\u00e5l. Allsvenskan inleddes f\u00f6r AIK:s del den 2 april 2017 d\u00e5 man hemma p\u00e5 Friends Arena tog emot BK H\u00e4cken (0\u20130) inf\u00f6r 26 812 \u00e5sk\u00e5dare och publiksiffran var AIK:s n\u00e4st b\u00e4sta genom tiderna i en allsvensk premi\u00e4r p\u00e5 hemmaplan. AIK slutade p\u00e5 andra plats i Allsvenskan efter att ha noterat 16 vinster, nio oavgjorda matcher och fem f\u00f6rluster. Andraplatsen innebar att AIK vann det stora silvret och d\u00e4rmed s\u00e4krade en plats i det kommande kvalspelet till Uefa Europa League 2018\/2019. Den 18 maj 2017 st\u00e4lldes den allsvenska matchen IFK G\u00f6teborg &#8211; AIK p\u00e5 Gamla Ullevi in p\u00e5 grund av ett matchfixningf\u00f6rs\u00f6k och spelades vid ett senare tillf\u00e4lle. Detta efter att Svenska Fotbollf\u00f6rbundet kv\u00e4llen innan informerats om det intr\u00e4ffade och d\u00e4refter tillsammans med Polisen, AIK, IFK G\u00f6teborg och F\u00f6reningen Svensk Elitfotboll beslutade att st\u00e4lla in den planerade matchen och Polisen inledde en f\u00f6runders\u00f6kning. AIK st\u00e4lldes i den f\u00f6rsta kvalomg\u00e5ngen till gruppspelet i Uefa Europa League mot K\u00cd Klaksv\u00edk fr\u00e5n F\u00e4r\u00f6arna och avancerade efter sammanlagt 5\u20130. I den andra omg\u00e5ngen st\u00e4lldes AIK mot FK \u017deljezni\u010dar fr\u00e5n Bosnien och Hercegovina och AIK gick vidare efter sammanlagt 2\u20130. I hemmam\u00f6tet med FK \u017deljezni\u010dar (2\u20130) den 20 juli 2017 tvingades Anton l\u00e4mna planen efter en skada i inledningen av den andra halvleken och han ersattes av Simon Thern. I den tredje kvalomg\u00e5ngen f\u00f6ll AIK p\u00e5 m\u00e5llinjen mot portugisiska SC Braga, efter 1\u20131 p\u00e5 Friends Arena var st\u00e4llningen 1\u20131 i returen p\u00e5 Est\u00e1dio Municipal de Braga med bara sekunder kvar av f\u00f6rl\u00e4ngningen d\u00e5 hemmalaget avgjorde i en match d\u00e4r Anton Sal\u00e9tros ersatte Stefan Ishizaki i den 78:e matchminuten. I Svenska cupens andra omg\u00e5ng 2017\/2018 st\u00e4lldes AIK mot V\u00e4rmbols FC den 23 augusti 2017 och vann med 1\u20130.<\/p>\n<p class=\"Paragraph_paragraph__uxXGA Paragraph_l__32960\">Under 2017 spelade Anton Sal\u00e9tros 15 t\u00e4vlingsmatcher f\u00f6r AIK, varav \u00e5tta fr\u00e5n start, och noterades f\u00f6r en m\u00e5lgivande passning samt ett gult kort. AIK Fotboll kom i augusti 2017 \u00f6verens med den ungerska klubben \u00dajpest FC om en utl\u00e5ning av mittf\u00e4ltaren. Utl\u00e5ningen g\u00e4llde till och med den 30 juni 2018. Det blev s\u00e4kert en k\u00e4nslom\u00e4ssig resa f\u00f6r Anton d\u00e5 hans pappa f\u00f6ddes i Ungern. Debuten f\u00f6r klubben fr\u00e5n Budapest skedde borta mot Balmaz\u00fajv\u00e1rosi FC (1\u20130) inf\u00f6r 2 062 \u00e5sk\u00e5dare p\u00e5 Balmaz\u00fajv\u00e1rosi V\u00e1rosi Sportp\u00e1lya i den ungerska h\u00f6gstaligan OTP Bank Liga den 26 augusti 2017 d\u00e5 han spelade hela matchen i tr\u00f6ja nummer 16. Det blev fem matcher, varav fyra fr\u00e5n start, f\u00f6r honom i \u00dajpest FC under h\u00f6sten 2017. Den 5 januari 2018 meddelade AIK Fotboll att man avbr\u00f6t utl\u00e5ningen och Anton Sal\u00e9tros \u00e5terv\u00e4nde till klubben.<\/p>\n<p class=\"Paragraph_paragraph__uxXGA Paragraph_l__32960\">2018 blev ett mycket omtumlande \u00e5r f\u00f6r herrlaget. Det som under stora delar av v\u00e5ren s\u00e5g ut som ett lag som skulle sl\u00e5s i spillror reste sig tillsammans och du s\u00e4songen summerades stod man som allsvensk seriesegrare. V\u00e5rs\u00e4songen pr\u00e4glades k\u00e4nslom\u00e4ssigt av skador, skador och skador. Inf\u00f6r \u00e5ret var Daniel Sundgrens status ett fr\u00e5getecken efter att i slutet av oktober 2017 drabbats av akuta andningsbesv\u00e4r och lades in p\u00e5 Karolinska sjukhuset i Solna. Diagnosen var att han drabbats av lungemboli, d v s blodpropp i lungorna. Under en tv\u00e5m\u00e5nadersperiod mellan februari och april tvingades AIK att ta bort tre backar ur laguppst\u00e4llningen f\u00f6r hela 2018. Nils-Eric Johansson, som vid tidpunkten var lagets kapten, visade sig under hj\u00e4rtscanningen ha ett hj\u00e4rtfel som innebar att elitfotbollskarri\u00e4ren var \u00f6ver f\u00f6r alltid. I cupm\u00f6tet med \u00d6rebro SK (2\u20130) den 13 mars 2018 drabbades Jesper Nyholm av ett ot\u00e4ckt benbrott och Robert Lundstr\u00f6m slet av sitt ena korsband i hemmamatchen mot IFK G\u00f6teborg (2\u20130) p\u00e5 Friends Arena den 22 april 2018. Sportchefen Bj\u00f6rn Wesstr\u00f6m gjorde d\u00e5 n\u00e5got av \u00e5rets v\u00e4rvning i svensk fotboll d\u00e5 han fr\u00e5n IK Oddevold skrev ett avtal med Robin Jansson. Laget stod dock pall de tuffa utmaningarna och avancerade till semifinal i Svenska cupen d\u00e4r man dock noterade sin f\u00f6rsta f\u00f6rlust mot Djurg\u00e5rden (0\u20132) sedan 2011. Inf\u00f6r 2018 bytte Anton Sal\u00e9tros tr\u00f6jnummer fr\u00e5n 29 till 16 och gjorde inhopp i cupmatcherna mot Syrianska FC (2\u20131) och Djurg\u00e5rden (0\u20132).<\/p>\n<p class=\"Paragraph_paragraph__uxXGA Paragraph_l__32960\">Allsvenskan drog den 2 april 2018 ig\u00e5ng hemma mot nykomlingarna Dalkurd FF (2\u20130) inf\u00f6r 30 334 \u00e5sk\u00e5dare p\u00e5 Friends Arena. Anton inledde premi\u00e4ren p\u00e5 b\u00e4nken, men ersatte Ahmed Yasin i den 71:a matchminuten. Han fastst\u00e4llde slutresultatet i den 92:a matchminuten d\u00e5 Anton p\u00e5 returen fr\u00e5n Nabil Bahouis stolpskott \u00f6verlistade bortam\u00e5lvakten Abd\u00fclaziz Demircan och s\u00e5g till att AIK fick en flygande start p\u00e5 s\u00e4songen. Anton var n\u00e5got av v\u00e5rens spelare i AIK och det l\u00f6s av sj\u00e4lvf\u00f6rtroende om honom. Han hoppade in \u00e4ven i de n\u00e4stf\u00f6ljande tre allsvenska matcherna och startade sedan i hemmamatchen mot IFK G\u00f6teborg (2\u20130) den 22 april 2018 och sedan i ytterligare sex av de sju kommande matcherna. Han svarade \u00e4ven f\u00f6r ett m\u00e5l borta mot IK Sirius FK (3\u20132) och borta mot BK H\u00e4cken (1\u20131).<\/p>\n<p class=\"Paragraph_paragraph__uxXGA Paragraph_l__32960\">AIK inledde serien bra, men var \u00e4nd\u00e5 n\u00e5gra po\u00e4ng efter serieledande Hammarby d\u00e5 lagen den 20 maj 2018 m\u00f6ttes p\u00e5 Tele2 Arena. AIK hade inte r\u00e5d att f\u00f6rlora och vann matchen med 1\u20130 efter att Tarik Elyounoussi i slutminuterna avgjort med en straffspark framf\u00f6r den stora AIK-klacken. Den 6 juni 2018 meddelade AIK Fotboll att man var \u00f6verens med FC Rostov om en transfer f\u00f6r Anton Sal\u00e9tros som tecknade ett fyra\u00e5rsavtal med den ryska klubben. I mitten av juli klev AIK upp i serieledning och man sl\u00e4ppte aldrig greppet samtidigt som Sebastian Larsson och Heradi Rashidi ansl\u00f6t till truppen. Under h\u00f6sten noterade man sin f\u00f6rsta allsvenska f\u00f6rlust sedan augusti 2017 d\u00e5 man f\u00f6ll p\u00e5 bortaplan mot IFK Norrk\u00f6ping FK (0\u20132), men trots n\u00e5gra oavgjorda resultat d\u00e5 &#8221;Peking&#8221; kom n\u00e4rmare s\u00e5 hade AIK allt i egna h\u00e4nder inf\u00f6r avg\u00f6randet mot Kalmar FF p\u00e5 Guldf\u00e5geln Arena den 11 november 2018. I den 45:e matchminuten slog Tarik Elyounoussi en frispark som Robin Jansson nickade i m\u00e5l inf\u00f6r en svartgul arena och m\u00e5let betydde AIK:s tolfte SM-guld genom tiderna. AIK har aldrig tagit fler po\u00e4ng \u00e4n i Allsvenskan 2018 d\u00e5 man slutade p\u00e5 67 po\u00e4ng och tangerade d\u00e4rmed Malm\u00f6 FF:s d\u00e5varande rekord fr\u00e5n 2010. AIK noterade 2018 f\u00f6r femte g\u00e5ngen genom tiderna en f\u00f6rlustfri allsvensk s\u00e4song p\u00e5 hemmaplan.<\/p>\n<p class=\"Paragraph_paragraph__uxXGA Paragraph_l__32960\">AIK st\u00e4lldes i den f\u00f6rsta kvalomg\u00e5ngen till gruppspelet i Uefa Europa League 2018\/2019 mot Shamrock Rovers FC fr\u00e5n Irland och avancerade efter sammanlagt 2\u20131. I den andra omg\u00e5ngen st\u00e4lldes AIK mot FC Nordsj\u00e6lland fr\u00e5n Danmark och \u00e5kte ur kvalet efter att ha noterat 0\u20131 b\u00e5de hemma och borta. I den andra omg\u00e5ngen av Svenska cupen 2018\/2019 st\u00e4lldes AIK mot Sandvikens IF den 23 augusti 2018 och vann med 2\u20130, resultatet innebar att AIK var kvalificerade f\u00f6r gruppspelet v\u00e5rvintern 2019. Det blev sammanlagt 14 t\u00e4vlingsmatcher, varav sju fr\u00e5n start, f\u00f6r Anton i AIK-tr\u00f6jan under 2018 och han svarade f\u00f6r tre m\u00e5l och tre m\u00e5lgivande passningar under s\u00e4songen. Han drog p\u00e5 sig ett gult kort. Anton ansl\u00f6t till AIK:s guldbankett p\u00e5 Friends Arena den 11 november 2018. Anton landade p\u00e5 Arlanda strax efter AIK:s chartrade plan fr\u00e5n Kalmar och AIK-bussen med guldfirande hj\u00e4ltar v\u00e4nde tillbaka till flygplatsen f\u00f6r att h\u00e4mta upp honom d\u00e5 han textat en ledare om att han var p\u00e5 plats i terminalen.<\/p>\n<p class=\"Paragraph_paragraph__uxXGA Paragraph_l__32960\">Debuten f\u00f6r FC Rostov i den ryska h\u00f6gstaligan skedde i den andra omg\u00e5ngen av Premjer-Liga, borta mot CSKA Moskva (1\u20130) inf\u00f6r 19 084 \u00e5sk\u00e5dare p\u00e5 VEB Arena i Moskva den 5 augusti 2018 under managern Valeri Karpins ledning d\u00e5 Anton startade p\u00e5 mittf\u00e4ltet i tr\u00f6ja nummer 17 innan han ersattes av Tsimafej Kalatjo\u016d i den 60:e matchminuten. Den 26 september 2018 svarade han f\u00f6r sitt f\u00f6rsta m\u00e5l f\u00f6r klubben, borta mot FC Syzran-2003 (4\u20130) i den ryska cupen inf\u00f6r 2 070 \u00e5sk\u00e5dare p\u00e5 Stadion Kristall i Syzran. Anton spelade fr\u00e5n start och svarade f\u00f6r 2\u20130-m\u00e5let i den 31:a matchminuten. Det blev sammanlagt nio t\u00e4vlingsmatcher fr\u00e5n start f\u00f6r honom i FC Rostov under s\u00e4songen 2018\/2019 samt elva matcher p\u00e5 b\u00e4nken i ligan och han svarade f\u00f6r ett m\u00e5l.<\/p>\n<p class=\"Paragraph_paragraph__uxXGA Paragraph_l__32960\">Den 6 februari 2019 meddelade AIK Fotboll att man var \u00f6verens med FC Rostov om ett l\u00e5neavtal g\u00e4llande Anton Sal\u00e9tros. Anton ansl\u00f6t till AIK Fotboll den 11 februari 2019 efter klubbens tr\u00e4ningsl\u00e4ger i Dubai och l\u00e5neavtalet g\u00e4llde till och med den 30 juli 2019. AIK vann gruppspelet i Svenska cupen 2018\/2019 efter hemmasegrar mot J\u00f6nk\u00f6pings S\u00f6dra IF (1\u20130) och \u00d6rgryte IS FF (1\u20130) samt 1\u20131 borta mot Norrby IF. I kvartsfinalen besegrades \u00d6sters IF med 4\u20132 efter f\u00f6rl\u00e4ngning d\u00e4r Chinedu Obasis tv\u00e5 m\u00e5l avgjorde till AIK:s f\u00f6rdel. Semifinalen hemma mot Athletic FC Eskilstuna blev en dramatisk tillst\u00e4llning inf\u00f6r 8 731 \u00e5sk\u00e5dare p\u00e5 Friends Arena i Solna. St\u00e4llningen var 1\u20131 efter b\u00e5de 90 och 120 minuter vilket innebar straffsparkar. AIK:s m\u00e5lvakt Oscar Linn\u00e9r var n\u00e4ra att bli matchhj\u00e4lte d\u00e5 han r\u00e4ddade tv\u00e5 straffsparkar och \u00e4ven slog in en, men tre straffmissar av AIK gjorde att cupresan f\u00f6r andra \u00e5ret i rad tog slut i semifinalen. Allsvenskan inleddes inf\u00f6r 29 157 \u00e5sk\u00e5dare p\u00e5 Friends Arena vilket var klubbens tredje h\u00f6gsta premi\u00e4rsiffra p\u00e5 hemmaplan genom tiderna, efter 2014 (30 650) och 2018 (30 334). Efter tv\u00e5 0\u20130-matcher noterade AIK sin f\u00f6rsta seger i den tredje omg\u00e5ngen d\u00e5 man besegrade IK Sirius FK (2\u20131) efter att ha v\u00e4nt ett underl\u00e4ge i paus.<\/p>\n<p class=\"Paragraph_paragraph__uxXGA Paragraph_l__32960\">I den allsvenska hemmamatchen mot Helsingborgs IF (2\u20130) den 20 juli 2019 bar Anton Sal\u00e9tros lagkaptensbindeln fr\u00e5n start f\u00f6r f\u00f6rsta g\u00e5ngen och han firade milstolpen genom att svara f\u00f6r ledningsm\u00e5let i den 30:e matchminuten efter att ha f\u00e5tt bollen till h\u00f6ger i straffomr\u00e5det av Chinedu Obasi och d\u00e4refter \u00f6verlistat Helsingborgs debuterande danske m\u00e5lvakt Anders Lindegaard. Den 29 juli 2019 meddelade AIK Fotboll att man n\u00e5tt en \u00f6verenskommelse med Anton Sal\u00e9tros och hans ryska klubb FC Rostov som innebar att Anton stannar kvar i AIK under hela 2019. \u201dJag \u00e4r v\u00e4ldigt n\u00f6jd \u00f6ver att ha f\u00f6rl\u00e4ngt l\u00e5net med AIK. Det k\u00e4nns bra att f\u00e5 m\u00f6jligheten att forts\u00e4tta utvecklas i AIK:s organisation och jag ser fram emot en intressant h\u00f6st\u201d sa Anton Sal\u00e9tros d\u00e5 han kommenterade det nya avtalet.<\/p>\n<p class=\"Paragraph_paragraph__uxXGA Paragraph_l__32960\">I kvalspelet till Uefa Champions Leagues gruppspel besegrades FC Ararat-Armenia med sammanlagt 4\u20133 i den f\u00f6rsta kvalomg\u00e5ngen innan AIK sn\u00f6pligt \u00e5kte ut mot NK Maribor efter f\u00f6rl\u00e4ngning. AIK var p\u00e5 v\u00e4g mot avancemang, men ett m\u00e5l i slutminuterna av slovenerna gjorde att AIK fick forts\u00e4tta kvalspelandet i Uefa Europa League. AIK besegrade i Uefa Europa League FC Sheriff fr\u00e5n Moldavien med sammanlagt 3\u20132 innan man i play off st\u00e4lldes mot det skotska storlaget Celtic FC. Efter 0\u20132 p\u00e5 Celtic Park i Glasgow inledde AIK returen hemma p\u00e5 Friends Arena inf\u00f6r 28 410 \u00e5sk\u00e5dare p\u00e5 ett bra s\u00e4tt, men efter ett snabbt bakl\u00e4ngesm\u00e5l minuten efter att Sebastian Larsson kvitterat till 1\u20131 s\u00e5 gick luften n\u00e5got ur hemmalaget och skottarna kunde i slutminuterna g\u00f6ra ytterligare tv\u00e5 m\u00e5l.<\/p>\n<p class=\"Paragraph_paragraph__uxXGA Paragraph_l__32960\">AIK var l\u00e4nge med i kampen om SM-guldet, men en skada p\u00e5 Nabil Bahoui i september och 1\u20131 borta mot IF Elfsborg i den 26:e omg\u00e5ngen samt 0\u20132 borta mot Malm\u00f6 FF i den 29:e omg\u00e5ngen gjorde att de regerande m\u00e4starna fick n\u00f6ja sig med en fj\u00e4rdeplats efter 62 inspelade po\u00e4ng. AIK skulle p\u00e5 Bor\u00e5s Arena tilld\u00f6mts en straffspark p\u00e5 stopptid d\u00e5 Anton Sal\u00e9tros drogs ned i straffomr\u00e5det, men domaren valde att bortse fr\u00e5n den solklara f\u00f6rseelsen av f\u00f6rsvararen. Po\u00e4ngsk\u00f6rden var klubbens n\u00e4st h\u00f6gsta genom tiderna och AIK:s fj\u00e4rdeplats innebar ocks\u00e5 att man f\u00f6r nionde \u00e5ret i rad tog en allsvensk medalj (ett guld, fyra stora silver, tv\u00e5 sm\u00e5 silver, tv\u00e5 brons). Det var f\u00f6rsta g\u00e5ngen genom tiderna som AIK tog medalj nio \u00e5r i rad. Efter den allsvenska s\u00e4songen spelades AIK:s uppskjutna match i Svenska cupen. Anton Sal\u00e9tros moderklubb Enskede IK stod f\u00f6r motst\u00e5ndet och ett av AIK:s m\u00e5l i 7\u20130-segern gjordes av junioren Tom Stranneg\u00e5rd. Det var f\u00f6rsta g\u00e5ngen under 2000-talet som AIK svarade f\u00f6r sju m\u00e5l i en t\u00e4vlingsmatch. Anton spelade 39 t\u00e4vlingsmatcher under \u00e5ret, varav 30 fr\u00e5n start, och svarade f\u00f6r tv\u00e5 m\u00e5l och sju m\u00e5lgivande passningar. Han drog p\u00e5 sig sju gula kort.<\/p>\n<p class=\"Paragraph_paragraph__uxXGA Paragraph_l__32960\">Det blev ingen comeback f\u00f6r Anton i FC Rostov, i st\u00e4llet hade Thomas Berntsen, sportchef i norska Sarpsborg 08 FF, kontaktat den ryska klubben och den 14 februari 2020 meddelades det att Anton Sal\u00e9tros skrivit p\u00e5 ett l\u00e5neavtal \u00f6ver sex m\u00e5nader med Sarpsborg 08. \u201dAnton \u00e4r en energisk och h\u00e5rt arbetande mittf\u00e4ltare\u201d sa Thomas Berntsen n\u00e4r avtalet var signerat. Den 12 mars 2020 meddelade det norska fotbollsf\u00f6rbundet att starten av seriespelet sk\u00f6ts upp p\u00e5 grund av pandemin covid-19. Debuten i Eliteserien, den norska h\u00f6gstaligan, skedde i premi\u00e4ren den 16 juni 2020 d\u00e5 Sarpsborg 08 tog emot V\u00e5lerenga (0\u20131) hemma p\u00e5 Sarpsborg stadion. Anton spelade hela matchen i tr\u00f6ja nummer 14 under ledning av den svenske chefstr\u00e4naren Mikael Stahre. Det f\u00f6rsta m\u00e5let i Eliteserien gjorde Anton borta mot IK Start (2\u20133) p\u00e5 Sparebanken S\u00f8r Arena i Kristiansand den 8 november 2020 d\u00e5 han svarade f\u00f6r 1\u20130-m\u00e5let i den 21:a matchminuten. Hemmalagets segerm\u00e5l kom i den 88:e matchminuten och gjordes av Kevin Kabran, som under f\u00f6rs\u00e4songen 2014 var med AIK i Copa del Sol i Spanien. Det blev 19 matcher f\u00f6r Sarpsborg 08 i Eliteserien 2020 d\u00e5 man slutade p\u00e5 tolfte plats i tabellen. Han svarade f\u00f6r ett m\u00e5l och drog p\u00e5 sig tre gula kort. Under den f\u00f6rsta s\u00e4songen i Norge bar han \u00e4ven tr\u00f6ja nummer 20. Den norska cupen blev inst\u00e4lld p\u00e5 grund av pandemin.<\/p>\n<p class=\"Paragraph_paragraph__uxXGA Paragraph_l__32960\">2021 slutade Sarpsborg 08 p\u00e5 \u00e5ttonde plats i tabellen efter att klubben bytt chefstr\u00e4nare under sommaren d\u00e5 Mikael Stahre l\u00e4mnade klubben f\u00f6r IFK G\u00f6teborg och ersattes av Lars Bohinen. Anton Sal\u00e9tros svarade f\u00f6r en stark s\u00e4song och noterade fem m\u00e5l p\u00e5 de 29 spelade matcherna i Eliteserien och den inhemska cupen. Han drog p\u00e5 sig ett r\u00f6tt kort och tre gula kort. Det blev \u00e4ven fem m\u00e5l f\u00f6r Anton 2022 p\u00e5 de 30 spelade t\u00e4vlingsmatcherna och han adderade \u00e5tta m\u00e5lgivande passningar i ligaspelet. Hans disciplin\u00e4ra facit blev ett r\u00f6tt kort och tv\u00e5 gula kort. Sarpsborg 08 slutade \u00e5tta \u00e4ven 2022. Under 2021 och 2022 bar han tr\u00f6ja nummer 20. Intresset var efter s\u00e4songen stort f\u00f6r svensken och han valde till slut att skriva p\u00e5 ett avtal till sommaren 2025 med franska Stade Malherbe Caen som spelade i Ligue 2, den franska andradivisionen. Debuten i Ligue 2 skedde den 28 januari 2023 d\u00e5 SM Caen m\u00f6tte Laval (0\u20130) p\u00e5 Stade Michel d&#8217;Ornano i Caen. Anton startade matchen i tr\u00f6ja nummer 14 till v\u00e4nster i en 4-2-3-1-uppst\u00e4llning under ledning av den franske managern St\u00e9phane Moulin. SM Caen slutade p\u00e5 femte plats i Ligue 2, 13 po\u00e4ng fr\u00e5n en plats i Ligue 1, och Anton Sal\u00e9tros spelade sammanlagt 15 matcher, varav 13 fr\u00e5n start, och svarade f\u00f6r ett m\u00e5l. M\u00e5let kom hemma mot SC Bastia (3\u20131) den 3 februari 2023 d\u00e5 han gav laget ledningen i den 50:e matchminuten. Han spelade 32 minuter senare \u00e4ven fram Alexandre Mendy till 3\u20130-m\u00e5let.<\/p>\n<p class=\"Paragraph_paragraph__uxXGA Paragraph_l__32960\">Efter en tids spekulationer s\u00e5 stod det \u00e4ntligen klart den 8 juli 2023 att Anton \u00e5terigen var klar f\u00f6r AIK Fotboll n\u00e4r han skrev p\u00e5 ett avtal med klubben som str\u00e4cker sig \u00f6ver s\u00e4songen 2026. AIK befann sig vid det h\u00e4r l\u00e4get i en obekv\u00e4m situation i Allsvenskan d\u00e5 man efter 14 spelade omg\u00e5ngar endast hade lyckats att samla in tio po\u00e4ng i seriespelet, vilket innebar att man l\u00e5g placerade p\u00e5 14:e plats \u2013 tre po\u00e4ng bakom Degerfors IF och s\u00e4ker mark. Antons int\u00e5g i AIK gav resultat direkt. Mellan omg\u00e5ng 15 och 19 s\u00e5 spelade han fr\u00e5n start i samtliga matcher och bidrog \u00e4ven i po\u00e4ngprotokollet n\u00e4r han spelade fram till sammanlagt tre m\u00e5l. Ut\u00f6ver sin egen po\u00e4ngproduktion s\u00e5 skulle hans int\u00e5g \u00e4ven betyda ett lyft f\u00f6r hela laget, d\u00e5 man under dessa fem omg\u00e5ngar tog ett po\u00e4ng f\u00e4rre (9 po\u00e4ng) \u00e4n man hade gjort under de inledande 14 omg\u00e5ngarna (10 po\u00e4ng). Trots detta s\u00e5 befann man sig fortfarande i en tuff situation i Allsvenskan d\u00e5 man inte hittills lyckades ta sig f\u00f6rbi lagen ovanf\u00f6r. Hans f\u00f6rsta m\u00e5l i comebacken kom den 7 oktober 2023 n\u00e4r Mj\u00e4llby AIF kom p\u00e5 bes\u00f6k till Nationalarenan i Solna. I den 20:e matchminut blev AIK tilldelade en frispark en bit utanf\u00f6r bortalagets straffomr\u00e5de \u2013 upp stegade Sal\u00e9tros och tryckte i v\u00e4g en magnifik frispark som borrades in i n\u00e4tet bakom Noel T\u00f6rnqvist. M\u00e5let skulle ocks\u00e5 bli avg\u00f6rande d\u00e5 det blev matchens enda, och n\u00e4r domare Joakim \u00d6stling bl\u00e5ste av m\u00f6tet s\u00e5 kunde Anton &amp; co fira tre viktiga po\u00e4ng in p\u00e5 kontot. Efter en uppryckning under Allsvenskans andra del s\u00e5 kunde AIK i \u00e5rets sista match s\u00e4kra det kontraktet till Allsvenskan 2024 n\u00e4r man besegrade IFK V\u00e4rnamo med 3\u20131 den 12 november samma \u00e5r.<\/p>\n<p class=\"Paragraph_paragraph__uxXGA Paragraph_l__32960\">Inledningen av Allsvenskan 2024 inleddes med att laget gick obesegrade i de f\u00f6rsta fem omg\u00e5ngarna n\u00e4r man tog sammanlagt elva po\u00e4ng av 15 m\u00f6jliga. D\u00e4refter skulle det dock blandas och ges b\u00e5de i spelet och po\u00e4ngproduktionen, och detta ledde till att AIK:s d\u00e5varande chefstr\u00e4nare, Henning Berg, l\u00e4mnade sitt uppdrag den 14 juni 2024.<\/p>\n<p class=\"Paragraph_paragraph__uxXGA Paragraph_l__32960\">Henok Goitom klev in som interim chefstr\u00e4nare under sommaruppeh\u00e5llet och fick \u00e4ven leda laget i de tv\u00e5 inledande matcherna n\u00e4r Allsvenskan \u00e5terstartade. D\u00e4r blev det en f\u00f6rlust mot Kalmar FF p\u00e5 Nationalarenan (1\u20132), samt en seger mot Halmstads BK p\u00e5 \u00d6rjans Vall d\u00e4r Anton var med och bidrog med en m\u00e5lgivande passning till Rui Modestos ledningsm\u00e5l i matchminut 14 (2\u20131).<\/p>\n<p class=\"Paragraph_paragraph__uxXGA Paragraph_l__32960\">Den 16 juli 2024 stod det klart att AIK Fotboll var \u00f6verens med Mikkjal Thomassen som ny chefstr\u00e4nare f\u00f6r herrlaget. Det blev ingen flygande start f\u00f6r f\u00e4r\u00f6ingen d\u00e5 Gais s\u00e5g till att besegra Gnaget i tv\u00e5 omg\u00e5ngar i f\u00f6ljd. D\u00e4remot skulle effekten av tr\u00e4narbytet komma d\u00e4refter. I de \u00e5terst\u00e5ende 14 omg\u00e5ngarna av Allsvenskan 2024 s\u00e5 radade laget upp segrar och man avslutade s\u00e4songen med elva vinster, ett oavgjort resultat och tv\u00e5 f\u00f6rluster. F\u00f6rutom Antons enorma arbete p\u00e5 planen s\u00e5 bidrog han \u00e4ven med tv\u00e5 m\u00e5l och en m\u00e5lgivande passning i sluttampen av seriespelet. Den 10 november 2024 skulle det avg\u00f6ras vilket lag som lyckades ta den sista Europaplatsen till efterf\u00f6ljande s\u00e4song. Detta n\u00e4r Halmstads BK kom p\u00e5 bes\u00f6k till Stockholm f\u00f6r att spela den sista omg\u00e5ngen av Allsvenskan 2024. Ioannis Pittas inledde m\u00e5lskyttet i matchminut 29, och trots att bortalaget kvitterade endast tre minuter senare s\u00e5 var det till slut inget snack om saken n\u00e4r AIK till slut vann matchen med 5\u20131. Ett resultat som innebar att man knep tredje platsen och var d\u00e4rmed kvalificerade f\u00f6r spel i Europa till s\u00e4songen 2025.<\/p>\n<p class=\"Paragraph_paragraph__uxXGA Paragraph_l__32960\">AIK inledde s\u00e4songen 2025 den 14 februari med att st\u00e4llas mot Degerfors IF i den f\u00f6rsta omg\u00e5ngen av Svenska cupens gruppspel 2024\/2025. Anton fanns med fr\u00e5n start och skulle \u00e4ven ge AIK ledningen via en frispark i den 34:e matchminuten inf\u00f6r 17\u00a0299 \u00e5sk\u00e5dare p\u00e5 Nationalarenan. Den tidigare AIK-spelaren Omar Faraj fick dock sista ordet d\u00e5 han nickade in kvitteringen sju minuter in i den andra halvleken (1\u20131).<\/p>\n<p class=\"Paragraph_paragraph__uxXGA Paragraph_l__32960\">Fem dagar senare, den 19 februari, meddelade AIK Fotboll att man kommit \u00f6verens med Sal\u00e9tros om att f\u00f6rl\u00e4nga avtalet fram till och med den 31 december 2028.<\/p>\n<p class=\"Paragraph_paragraph__uxXGA Paragraph_l__32960\">AIK hade ett tufft cupspel och efter tv\u00e5 oavgjorda resultat och en seger s\u00e5 stod det klart att man inte lyckades vinna sin grupp och man var d\u00e4rmed utslagna ur Svenska cupen 2024\/2025.<\/p>\n<p class=\"Paragraph_paragraph__uxXGA Paragraph_l__32960\">Inf\u00f6r att Allsvenskan startade s\u00e5 gick AIK Fotboll ut med \u00e5rets lagkaptensgrupp. Chefstr\u00e4nare Mikkjal Thomassen med \u00f6vrig ledarstab gav d\u00e5 f\u00f6rtroendet till Sal\u00e9tros som lagkapten, de andra tre spelarna som ingick i kaptensgruppen var: Kristoffer Nordfeldt, Mads Thychosen och Benjamin Tiedemann (ersatt av Filip Benkovi\u0107 under s\u00e4songen).<\/p>\n<p class=\"Paragraph_paragraph__uxXGA Paragraph_l__32960\">AIK fick en flygande start p\u00e5 den allsvenska s\u00e4songen och det dr\u00f6jde till omg\u00e5ng 12 innan man fick se sig besegrade f\u00f6r f\u00f6rsta g\u00e5ngen. Detta skedde i bortam\u00f6tet med IK Sirius den 1 juni (3\u20132), en match som Sal\u00e9tros missade p\u00e5 grund av att han dragit p\u00e5 sig f\u00f6r m\u00e5nga gula kort och d\u00e4rmed var avst\u00e4ngd. Gnaget var l\u00e4nge uppe och slogs i toppen av tabellen men efter en tyngre period efter sommaruppeh\u00e5llet s\u00e5 tappade man mark och inf\u00f6r s\u00e4songsavslutningen mot Halmstads BK f\u00e5r AIK rikta in sig p\u00e5 att f\u00f6rs\u00f6ka s\u00e4kra en fj\u00e4rdeplacering i Allsvenskan 2025.<\/p>\n","protected":false},"excerpt":{"rendered":"Anton Sal\u00e9tros 29-\u00e5rige Anton Sal\u00e9tros, f\u00f6dd fredagen den 12 april 1996 p\u00e5 S\u00f6dersjukhuset i Stockholm och uppvuxen i&hellip;\n","protected":false},"author":2,"featured_media":74832,"comment_status":"","ping_status":"","sticky":false,"template":"","format":"standard","meta":{"footnotes":""},"categories":[5],"tags":[22,23,26,27,17,21,24,25,28,29,15,16,18,34,31,33,32,30,19,20],"class_list":{"0":"post-74831","1":"post","2":"type-post","3":"status-publish","4":"format-standard","5":"has-post-thumbnail","7":"category-rubriker","8":"tag-breaking-news","9":"tag-breakingnews","10":"tag-featured-news","11":"tag-featurednews","12":"tag-headlines","13":"tag-huvudnyheter","14":"tag-latest-news","15":"tag-latestnews","16":"tag-main-news","17":"tag-mainnews","18":"tag-news","19":"tag-nyheter","20":"tag-rubriker","21":"tag-se","22":"tag-svenska","23":"tag-sverige","24":"tag-sweden","25":"tag-swedish","26":"tag-top-stories","27":"tag-topstories"},"share_on_mastodon":{"url":"https:\/\/pubeurope.com\/@se\/115509480880467462","error":""},"_links":{"self":[{"href":"https:\/\/www.europesays.com\/se\/wp-json\/wp\/v2\/posts\/74831","targetHints":{"allow":["GET"]}}],"collection":[{"href":"https:\/\/www.europesays.com\/se\/wp-json\/wp\/v2\/posts"}],"about":[{"href":"https:\/\/www.europesays.com\/se\/wp-json\/wp\/v2\/types\/post"}],"author":[{"embeddable":true,"href":"https:\/\/www.europesays.com\/se\/wp-json\/wp\/v2\/users\/2"}],"replies":[{"embeddable":true,"href":"https:\/\/www.europesays.com\/se\/wp-json\/wp\/v2\/comments?post=74831"}],"version-history":[{"count":0,"href":"https:\/\/www.europesays.com\/se\/wp-json\/wp\/v2\/posts\/74831\/revisions"}],"wp:featuredmedia":[{"embeddable":true,"href":"https:\/\/www.europesays.com\/se\/wp-json\/wp\/v2\/media\/74832"}],"wp:attachment":[{"href":"https:\/\/www.europesays.com\/se\/wp-json\/wp\/v2\/media?parent=74831"}],"wp:term":[{"taxonomy":"category","embeddable":true,"href":"https:\/\/www.europesays.com\/se\/wp-json\/wp\/v2\/categories?post=74831"},{"taxonomy":"post_tag","embeddable":true,"href":"https:\/\/www.europesays.com\/se\/wp-json\/wp\/v2\/tags?post=74831"}],"curies":[{"name":"wp","href":"https:\/\/api.w.org\/{rel}","templated":true}]}}