{"id":74862,"date":"2025-11-07T17:46:19","date_gmt":"2025-11-07T17:46:19","guid":{"rendered":"https:\/\/www.europesays.com\/se\/74862\/"},"modified":"2025-11-07T17:46:19","modified_gmt":"2025-11-07T17:46:19","slug":"mystiska-spokskepputanfor-finlands-kust","status":"publish","type":"post","link":"https:\/\/www.europesays.com\/se\/74862\/","title":{"rendered":"Mystiska \u201dsp\u00f6kskepp\u201d\nutanf\u00f6r Finlands kust"},"content":{"rendered":"<p>Publicerad 7 nov 2025 kl 17.56Uppdaterad kl 18.21<\/p>\n<p>Hundratals mystiska fartyg d\u00f6k pl\u00f6tsligt upp i \u00d6stersj\u00f6n \u2013 men i verkligheten fanns de inte d\u00e4r.<\/p>\n<p>Sp\u00e5ren leder till en mottagarstation i den finska sk\u00e4rg\u00e5rden, och kan enligt en expert ha varit ett f\u00f6rs\u00f6k till informationsp\u00e5verkan, rapporterar <a href=\"https:\/\/www.hs.fi\/maailma\/art-2000011605439.html\" rel=\"nofollow noopener\" target=\"_blank\">Helsingin Sanomat<\/a>.<\/p>\n<p>Senaste nyhetsklippen fr\u00e5n Expressen.<img   alt=\"\"\/><\/p>\n<p>Hundratals mystiska fartyg d\u00f6k pl\u00f6tsligt upp i \u00d6stersj\u00f6n men i verkligen fanns de inte d\u00e4r.<\/p>\n<p>Foto: Marinetraffic\/Helsingin Sanomat<\/p>\n<p>\u00d6ppna bild i helsk\u00e4rm<img loading=\"lazy\"   alt=\"\"\/><\/p>\n<p>\u00d6stersj\u00f6n sedd fr\u00e5n Bornholm.<\/p>\n<p>Foto: Pelle Rink \/ AP TT NYHETSBYR\u00c5N<\/p>\n<p>\u00d6ppna bild i helsk\u00e4rmArtikeln i korthet<\/p>\n<p> Sp\u00e5rningstj\u00e4nster f\u00f6r sj\u00f6trafik visade under m\u00e5ndagen hundratals fartyg i \u00d6stersj\u00f6n, som egentligen befann sig n\u00e5gon annan stans.<\/p>\n<p> Felet sp\u00e5rades till en mottagarstation i Pargas i den finska sk\u00e4rg\u00e5rden.<\/p>\n<p> Endast kommersiella system p\u00e5verkades, inte myndigheternas.<\/p>\n<p> Enligt en expert tros orsaken vara datorhaveri eller cyberangrepp.<\/p>\n<p>Visa mer<\/p>\n<p>Under m\u00e5ndagen fylldes flera sp\u00e5rningstj\u00e4nster f\u00f6r sj\u00f6trafik av flera s\u00e5 kallade \u201dsp\u00f6kfartyg\u201d. Systemen visade att \u00d6stersj\u00f6n kryllade av milit\u00e4r trafik, trots att de flesta av fartygen i sj\u00e4lva verket befann sig l\u00e5ngt bort. Ett spanskt \u00f6rlogsfartyg som egentligen seglade mellan Somalia och Japan d\u00f6k till exempel pl\u00f6tsligt upp i Finska viken.<\/p>\n<p>Felet var \u00e5tg\u00e4rdat p\u00e5 tisdagen och visade sig h\u00e4rr\u00f6ra fr\u00e5n en mottagarstation i Pargas i den finska sk\u00e4rg\u00e5rden. Stationen tar normalt bara emot uppgifter fr\u00e5n fartyg i n\u00e4romr\u00e5det, men under en timme p\u00e5 m\u00e5ndagen rapporterade den pl\u00f6tsligt att den varit i kontakt med n\u00e4stan 18 000 fartyg. Vanligtvis ligger siffran p\u00e5 under hundra.<\/p>\n<p><img loading=\"lazy\"   alt=\"\"\/><\/p>\n<p>Pl\u00f6tsligt d\u00f6k flera \u00f6rlogsfartyg upp i \u00d6stersj\u00f6n, som egentligen befann sig n\u00e5gon annan stans.<\/p>\n<p>Foto: Marinetraffic\/Helsingin Sanomat<\/p>\n<p>\u00d6ppna bild i helsk\u00e4rm<img loading=\"lazy\"   alt=\"\"\/><\/p>\n<p>Vanligtvis syns under hundra fartyg i tj\u00e4nsterna.<\/p>\n<p>Foto: Marinetraffic\/Helsingin Sanomat<\/p>\n<p>\u00d6ppna bild i helsk\u00e4rmBara kommersiella tj\u00e4nster<\/p>\n<p>St\u00f6rningen p\u00e5verkade bara kommersiella sp\u00e5rningstj\u00e4nster som Marinetraffic och Vesselfinder. Enligt <a href=\"https:\/\/www.expressen.se\/tagg\/location\/finland\/\" class=\"\" rel=\"nofollow noopener\" target=\"_blank\">Finlands<\/a> transportmyndighet finns inga tecken p\u00e5 att myndigheternas egna system har p\u00e5verkats.<\/p>\n<p>\u2013 I de system som myndigheterna anv\u00e4nder har inga avvikelser uppt\u00e4ckts, s\u00e4ger Aleksi Uttula, chef f\u00f6r sj\u00f6farts\u00f6vervakningen vid Traficom, till Helsingin Sanomat.<\/p>\n<p>Stationen i Pargas drivs enligt tidningen av en lokal IT-entrepren\u00f6r, som inte har svarat p\u00e5 fr\u00e5gor om h\u00e4ndelsen.<\/p>\n<p>Expertens teori<\/p>\n<p>Den norska analytikern och f\u00f6re detta marinofficeren Thord Are Iversen tror att incidenten kan ha orsakats av antingen ett datorhaveri eller ett cyberangrepp.<\/p>\n<p>\u2013 Jag kan inte s\u00e4ga om det handlade om ett tekniskt fel eller ett f\u00f6rs\u00f6k till p\u00e5verkan, s\u00e4ger han till Helsingin Sanomat.<\/p>\n<p>Iversen menar att h\u00e4ndelsen sticker ut p\u00e5 grund av sin omfattning och att den tycks bygga p\u00e5 att gamla fartygspositioner matats in i systemen. Bland de registrerade fartygen syntes bland att ett \u00f6rlogsfartyg som togs ur bruk 2022 \u2013 trots att mottagaren i Pargas sattes upp f\u00f6rst v\u00e5ren 2024.<\/p>\n<p>Om det r\u00f6r sig om avsiktlig manipulation, tror han att syftet kan vara att skapa os\u00e4kerhet.<\/p>\n<p>\u2013 Det \u00e4r l\u00e4tt att f\u00f6rest\u00e4lla sig vilket rabalder som skulle uppst\u00e5 p\u00e5 n\u00e4tet om n\u00e5got liknande h\u00e4nde nu, n\u00e4r sp\u00e4nningarna i regionen \u00e4r mycket h\u00f6gre, s\u00e4ger han till tidningen.<\/p>\n","protected":false},"excerpt":{"rendered":"Publicerad 7 nov 2025 kl 17.56Uppdaterad kl 18.21 Hundratals mystiska fartyg d\u00f6k pl\u00f6tsligt upp i \u00d6stersj\u00f6n \u2013 men&hellip;\n","protected":false},"author":2,"featured_media":74863,"comment_status":"","ping_status":"","sticky":false,"template":"","format":"standard","meta":{"footnotes":""},"categories":[5],"tags":[22,23,6674,26,27,17,21,24,25,1302,6672,28,29,15,16,18,34,55,31,33,32,30,19,6673,20],"class_list":{"0":"post-74862","1":"post","2":"type-post","3":"status-publish","4":"format-standard","5":"has-post-thumbnail","7":"category-rubriker","8":"tag-breaking-news","9":"tag-breakingnews","10":"tag-fartyg-farjor","11":"tag-featured-news","12":"tag-featurednews","13":"tag-headlines","14":"tag-huvudnyheter","15":"tag-latest-news","16":"tag-latestnews","17":"tag-location-finland","18":"tag-location-finska-viken","19":"tag-main-news","20":"tag-mainnews","21":"tag-news","22":"tag-nyheter","23":"tag-rubriker","24":"tag-se","25":"tag-sections-varlden","26":"tag-svenska","27":"tag-sverige","28":"tag-sweden","29":"tag-swedish","30":"tag-top-stories","31":"tag-topic-bat","32":"tag-topstories"},"share_on_mastodon":{"url":"https:\/\/pubeurope.com\/@se\/115509669719057662","error":""},"_links":{"self":[{"href":"https:\/\/www.europesays.com\/se\/wp-json\/wp\/v2\/posts\/74862","targetHints":{"allow":["GET"]}}],"collection":[{"href":"https:\/\/www.europesays.com\/se\/wp-json\/wp\/v2\/posts"}],"about":[{"href":"https:\/\/www.europesays.com\/se\/wp-json\/wp\/v2\/types\/post"}],"author":[{"embeddable":true,"href":"https:\/\/www.europesays.com\/se\/wp-json\/wp\/v2\/users\/2"}],"replies":[{"embeddable":true,"href":"https:\/\/www.europesays.com\/se\/wp-json\/wp\/v2\/comments?post=74862"}],"version-history":[{"count":0,"href":"https:\/\/www.europesays.com\/se\/wp-json\/wp\/v2\/posts\/74862\/revisions"}],"wp:featuredmedia":[{"embeddable":true,"href":"https:\/\/www.europesays.com\/se\/wp-json\/wp\/v2\/media\/74863"}],"wp:attachment":[{"href":"https:\/\/www.europesays.com\/se\/wp-json\/wp\/v2\/media?parent=74862"}],"wp:term":[{"taxonomy":"category","embeddable":true,"href":"https:\/\/www.europesays.com\/se\/wp-json\/wp\/v2\/categories?post=74862"},{"taxonomy":"post_tag","embeddable":true,"href":"https:\/\/www.europesays.com\/se\/wp-json\/wp\/v2\/tags?post=74862"}],"curies":[{"name":"wp","href":"https:\/\/api.w.org\/{rel}","templated":true}]}}