{"id":74866,"date":"2025-11-07T17:48:14","date_gmt":"2025-11-07T17:48:14","guid":{"rendered":"https:\/\/www.europesays.com\/se\/74866\/"},"modified":"2025-11-07T17:48:14","modified_gmt":"2025-11-07T17:48:14","slug":"ssk-bryter-med-backen-tillbaka-i-vimmerby","status":"publish","type":"post","link":"https:\/\/www.europesays.com\/se\/74866\/","title":{"rendered":"SSK bryter med backen &#8211; tillbaka i Vimmerby"},"content":{"rendered":"<p><strong>Elias Lindgren l\u00e4mnar <a href=\"https:\/\/hockeysverige.se\/klubb\/sodertalje-sk\" rel=\"nofollow noopener\" target=\"_blank\">S\u00f6dert\u00e4lje SK<\/a> efter endast 13 matcher. Klubben bryter med 24-\u00e5rige backen \u2013 som samtidigt presenteras i <a href=\"https:\/\/hockeysverige.se\/klubb\/vimmerby-hockey\" rel=\"nofollow noopener\" target=\"_blank\">Vimmerby<\/a>.<\/strong><br \/><strong>\u2013\u00a0Han kommer in med energi, fart och ett stort hj\u00e4rta f\u00f6r Vimmerby Hockey, s\u00e4ger sportchefen Pelle Johansson.<\/strong><\/p>\n<p><img loading=\"lazy\" decoding=\"async\" width=\"1024\" height=\"658\" src=\"https:\/\/www.europesays.com\/se\/wp-content\/uploads\/2025\/11\/Elias-Lindgren-1024x658.webp.webp\" alt=\"\" class=\"wp-image-323054\"  \/>Elias Lindgren i S\u00f6dert\u00e4lje och Vimmerby. <strong>Foto:<\/strong> Bildbyr\u00e5n (montage).<\/p>\n<p>Efter tv\u00e5 s\u00e4songer med Vimmerby, en i Hockeyettan och en i Hockeyallsvenskan, blev Elias Lindgren klar f\u00f6r S\u00f6dert\u00e4lje. Avtalet skrevs \u00f6ver 2025\/26-s\u00e4songen och sportchef Emil Georgsson pekade p\u00e5 en \u201dstor utvecklingspotential\u201d. <\/p>\n<p>Nu, efter endast 13 matcher, g\u00e5r parterna skilda v\u00e4gar. <\/p>\n<p>24-\u00e5ringen fr\u00e5n Karlskoga har f\u00e5tt sparsamt med speltid redan fr\u00e5n start och har nu dessutom hamnat \u00e4nnu l\u00e4ngre ner i hierarkin efter att Filip Windlert och Felix \u00d6hrqvist (l\u00e5n) plockats in. <\/p>\n<p>\u201dVi tackar Elias f\u00f6r tiden i SSK och \u00f6nskar honom lycka till i sin fortsatta karri\u00e4r\u201d, skriver man p\u00e5 sin hemsida under fredagen. <\/p>\n<p>Tillbaka i Vimmerby: \u201dK\u00e4nner klubben v\u00e4l\u201d<\/p>\n<p>Ist\u00e4llet kommer han nu att \u00e5terv\u00e4nda till Vimmerby. En flytt som presenteras samtidigt som SSK g\u00e5r ut med nyheten.<\/p>\n<p>\u2013\u00a0Elias k\u00e4nner klubben v\u00e4l och st\u00e5r f\u00f6r precis det vi vill bygga vidare p\u00e5. Han kommer in med energi, fart och ett stort hj\u00e4rta f\u00f6r Vimmerby Hockey, s\u00e4ger Vimmerbys sportchef Pelle Johansson p\u00e5 sociala medier. <\/p>\n<p> Source: <a href=\"https:\/\/www.eliteprospects.com\/player\/350029\/elias-lindgren\" target=\"_blank\" rel=\"noopener noreferrer nofollow\">Elias Lindgren<\/a> @ Elite Prospects<\/p>\n","protected":false},"excerpt":{"rendered":"Elias Lindgren l\u00e4mnar S\u00f6dert\u00e4lje SK efter endast 13 matcher. Klubben bryter med 24-\u00e5rige backen \u2013 som samtidigt presenteras&hellip;\n","protected":false},"author":2,"featured_media":74867,"comment_status":"","ping_status":"","sticky":false,"template":"","format":"standard","meta":{"footnotes":""},"categories":[68],"tags":[621,34,133,111,110,31,33,32,30],"class_list":{"0":"post-74866","1":"post","2":"type-post","3":"status-publish","4":"format-standard","5":"has-post-thumbnail","7":"category-sport","8":"tag-hockeyallsvenskan","9":"tag-se","10":"tag-second-news","11":"tag-sport","12":"tag-sports","13":"tag-svenska","14":"tag-sverige","15":"tag-sweden","16":"tag-swedish"},"share_on_mastodon":{"url":"https:\/\/pubeurope.com\/@se\/115509677644479831","error":""},"_links":{"self":[{"href":"https:\/\/www.europesays.com\/se\/wp-json\/wp\/v2\/posts\/74866","targetHints":{"allow":["GET"]}}],"collection":[{"href":"https:\/\/www.europesays.com\/se\/wp-json\/wp\/v2\/posts"}],"about":[{"href":"https:\/\/www.europesays.com\/se\/wp-json\/wp\/v2\/types\/post"}],"author":[{"embeddable":true,"href":"https:\/\/www.europesays.com\/se\/wp-json\/wp\/v2\/users\/2"}],"replies":[{"embeddable":true,"href":"https:\/\/www.europesays.com\/se\/wp-json\/wp\/v2\/comments?post=74866"}],"version-history":[{"count":0,"href":"https:\/\/www.europesays.com\/se\/wp-json\/wp\/v2\/posts\/74866\/revisions"}],"wp:featuredmedia":[{"embeddable":true,"href":"https:\/\/www.europesays.com\/se\/wp-json\/wp\/v2\/media\/74867"}],"wp:attachment":[{"href":"https:\/\/www.europesays.com\/se\/wp-json\/wp\/v2\/media?parent=74866"}],"wp:term":[{"taxonomy":"category","embeddable":true,"href":"https:\/\/www.europesays.com\/se\/wp-json\/wp\/v2\/categories?post=74866"},{"taxonomy":"post_tag","embeddable":true,"href":"https:\/\/www.europesays.com\/se\/wp-json\/wp\/v2\/tags?post=74866"}],"curies":[{"name":"wp","href":"https:\/\/api.w.org\/{rel}","templated":true}]}}