{"id":74882,"date":"2025-11-07T18:02:18","date_gmt":"2025-11-07T18:02:18","guid":{"rendered":"https:\/\/www.europesays.com\/se\/74882\/"},"modified":"2025-11-07T18:02:18","modified_gmt":"2025-11-07T18:02:18","slug":"sa-manga-kopplas-till-gangkriminaliteten-i-sverige","status":"publish","type":"post","link":"https:\/\/www.europesays.com\/se\/74882\/","title":{"rendered":"S\u00e5 m\u00e5nga kopplas till g\u00e4ngkriminaliteten i Sverige"},"content":{"rendered":"<p>Publicerad 7 nov 2025 kl 08.57Uppdaterad kl 09.54<\/p>\n<p>17 500 personer \u00e4r aktivt g\u00e4ngkriminella i Sverige.<\/p>\n<p>Ytterligare omkring 50 000 har koppling till g\u00e4ngkriminalitet.<\/p>\n<p>\u2013 Vi inom polisen kommer g\u00f6ra allt vi kan f\u00f6r att v\u00e4nda den h\u00e4r utvecklingen, s\u00e4ger rikspolischef Petra Lundh.<\/p>\n<p><img loading=\"lazy\"   alt=\"\"\/><\/p>\n<p>Gunnar Str\u00f6mmer h\u00f6ll p\u00e5 fredagen presskonferens om g\u00e4ngkriminaliteten i Sverige.<\/p>\n<p>Foto: Lars Schr\u00f6der\/TT \/ TT NYHETSBYR\u00c5N<\/p>\n<p>\u00d6ppna bild i helsk\u00e4rm<img loading=\"lazy\"   alt=\"\"\/><\/p>\n<p>Totalt bed\u00f6ms 67 500 personer kopplas till g\u00e4ngen i Sverige.<\/p>\n<p>Foto: TT NYHETSBYR\u00c5N<\/p>\n<p>\u00d6ppna bild i helsk\u00e4rm<img loading=\"lazy\"   alt=\"\"\/><\/p>\n<p>Rikspolischef Petra Lundh bedyrar att polisen g\u00f6r allt f\u00f6r att v\u00e4nda utvecklingen.<\/p>\n<p>Foto: Lars Schr\u00f6der\/TT \/ TT NYHETSBYR\u00c5N<\/p>\n<p>\u00d6ppna bild i helsk\u00e4rm<\/p>\n<p>Justitieminister <a href=\"https:\/\/www.expressen.se\/tagg\/person\/gunnar-strommer\/\" class=\"\" rel=\"nofollow noopener\" target=\"_blank\">Gunnar Str\u00f6mmer<\/a> och rikspolischefen Petra Lundh h\u00f6ll p\u00e5 fredagen en presstr\u00e4ff om l\u00e4gesbilden av g\u00e4ngkriminaliteten i Sverige.<\/p>\n<p>\u2013 Vi ser att de aktiva g\u00e4ngkriminella \u00e4r i stort sett lika m\u00e5nga i \u00e5r som de var f\u00f6rra \u00e5ret, s\u00e4ger rikspolischefen inledningsvis.<\/p>\n<p>Hon forts\u00e4tter:<\/p>\n<p>\u2013 Vi k\u00e4nner oss helt s\u00e4kra p\u00e5 den h\u00e4r slutsatsen.<\/p>\n<p>ARTIKELN I KORTHET<\/p>\n<p> 17 500 personer bed\u00f6ms vara aktivt g\u00e4ngkriminella i Sverige, och ytterligare 50 000 har kopplingar till g\u00e4ng.<\/p>\n<p> Antalet aktiva g\u00e4ngkriminella \u00e4r of\u00f6r\u00e4ndrat sedan f\u00f6rra \u00e5ret.<\/p>\n<p>81 % av de aktiva \u00e4r svenska medborgare; 6 % \u00e4r kvinnor.<\/p>\n<p> Polisen efterlyser insatser fr\u00e5n fler myndigheter \u2013 de kan inte ensamma stoppa utvecklingen.<\/p>\n<p> Regeringen fokuserar p\u00e5 att sl\u00e5 mot v\u00e5ldet, strypa den kriminella ekonomin och stoppa nyrekrytering.<\/p>\n<p>Visa mer<\/p>\n<p>Omkring 17 500 personer bed\u00f6ms vara aktivt g\u00e4ngkriminella. 81 procent \u00e4r enbart svenska medborgare. \u00c5tta procent har dubbelt medborgarskap. Elva procent har bara utl\u00e4ndskt medborgarskap.<\/p>\n<p>Sex procent av de aktivt g\u00e4ngkriminella \u00e4r kvinnor.<\/p>\n<p>67 500 personer kopplas till g\u00e4ngen<\/p>\n<p>50 000, ut\u00f6ver de 17 500 personerna som \u00e4r aktiva, kopplas till g\u00e4ngkriminalitet, enligt polisens data.<\/p>\n<p>Siffran polisen fick fram f\u00f6r 2024 var 48 000 personer.<\/p>\n<p>Totalt handlar det allts\u00e5 om 67 500 personer som antingen \u00e4r aktivt g\u00e4ngkriminella eller har kopplingar till g\u00e4ngkriminaliteten.<\/p>\n<p>\u2013 Vi kan ju konstatera att grupperna \u201daktivt g\u00e4ngkriminella\u201d och \u201dkoppling till g\u00e4ngkriminalitet\u201d \u00e4r alldeles f\u00f6r stora. Vi jobbar intensivt med att f\u00f6rebygga den h\u00e4r brottsligheten, s\u00e4ger Lundh.<\/p>\n<p>Rikspolischefen konstaterar att polisen g\u00f6r vad de kan, men menar att Sverige aldrig kommer kunna utreda och lagf\u00f6ra i den takt som kr\u00e4vs.<\/p>\n<p>\u00a0Hon efterfr\u00e5gar mer aktivitet fr\u00e5n andra myndigheter och akt\u00f6rer i samh\u00e4llet.<\/p>\n<p>Gunnar Str\u00f6mmer: \u201dAllvarligt l\u00e4ge\u201d<\/p>\n<p>Justitieministern konstaterar att polisens l\u00e4gesbild bekr\u00e4ftar \u201datt vi fortsatt befinner oss i ett allvarligt l\u00e4ge\u201d.<\/p>\n<p>Han s\u00e4ger att regeringen kommer forts\u00e4tta arbetet med att st\u00e4vja och sl\u00e5 mot g\u00e4ngen.<\/p>\n<p>\u2013 Vi vet att det spelar roll vad vi g\u00f6r, vi kan se att nya arbetss\u00e4tt och resurser b\u00f6rjar bita, s\u00e4ger han.<\/p>\n<p>Sverige \u00e4r p\u00e5 r\u00e4tt v\u00e4g, konstaterar han med h\u00e4nvisning till det minskande antalet skjutningar i Sverige, men s\u00e4ger ocks\u00e5 att \u201dv\u00e4ldigt mycket arbete \u00e5terst\u00e5r\u201d.<\/p>\n<p>Regeringens plan kan f\u00f6renklas i tre punkter:<\/p>\n<p> Sl\u00e5 h\u00e5rt mot det grova v\u00e5ldet.<\/p>\n<p> Strypa den kriminella ekonomin.<\/p>\n<p> Bryta rekryteringen av barn och unga.<\/p>\n<p>\u2013 Vi ska ocks\u00e5 forts\u00e4tta arbetet med att sl\u00e5 mot g\u00e4ngtoppar som g\u00f6mmer sig i andra l\u00e4nder, s\u00e4ger Str\u00f6mmer.<\/p>\n","protected":false},"excerpt":{"rendered":"Publicerad 7 nov 2025 kl 08.57Uppdaterad kl 09.54 17 500 personer \u00e4r aktivt g\u00e4ngkriminella i Sverige. Ytterligare omkring&hellip;\n","protected":false},"author":2,"featured_media":74883,"comment_status":"","ping_status":"","sticky":false,"template":"","format":"standard","meta":{"footnotes":""},"categories":[12],"tags":[22,23,26,27,17,21,24,25,28,29,15,16,400,1459,5939,18,34,666,31,33,32,30,19,668,20],"class_list":{"0":"post-74882","1":"post","2":"type-post","3":"status-publish","4":"format-standard","5":"has-post-thumbnail","7":"category-sverige","8":"tag-breaking-news","9":"tag-breakingnews","10":"tag-featured-news","11":"tag-featurednews","12":"tag-headlines","13":"tag-huvudnyheter","14":"tag-latest-news","15":"tag-latestnews","16":"tag-main-news","17":"tag-mainnews","18":"tag-news","19":"tag-nyheter","20":"tag-organization-polisen","21":"tag-person-gunnar-strommer","22":"tag-person-petra-lundh","23":"tag-rubriker","24":"tag-se","25":"tag-sections-krim","26":"tag-svenska","27":"tag-sverige","28":"tag-sweden","29":"tag-swedish","30":"tag-top-stories","31":"tag-topic-gangkriminalitet","32":"tag-topstories"},"share_on_mastodon":{"url":"https:\/\/pubeurope.com\/@se\/115509732634330252","error":""},"_links":{"self":[{"href":"https:\/\/www.europesays.com\/se\/wp-json\/wp\/v2\/posts\/74882","targetHints":{"allow":["GET"]}}],"collection":[{"href":"https:\/\/www.europesays.com\/se\/wp-json\/wp\/v2\/posts"}],"about":[{"href":"https:\/\/www.europesays.com\/se\/wp-json\/wp\/v2\/types\/post"}],"author":[{"embeddable":true,"href":"https:\/\/www.europesays.com\/se\/wp-json\/wp\/v2\/users\/2"}],"replies":[{"embeddable":true,"href":"https:\/\/www.europesays.com\/se\/wp-json\/wp\/v2\/comments?post=74882"}],"version-history":[{"count":0,"href":"https:\/\/www.europesays.com\/se\/wp-json\/wp\/v2\/posts\/74882\/revisions"}],"wp:featuredmedia":[{"embeddable":true,"href":"https:\/\/www.europesays.com\/se\/wp-json\/wp\/v2\/media\/74883"}],"wp:attachment":[{"href":"https:\/\/www.europesays.com\/se\/wp-json\/wp\/v2\/media?parent=74882"}],"wp:term":[{"taxonomy":"category","embeddable":true,"href":"https:\/\/www.europesays.com\/se\/wp-json\/wp\/v2\/categories?post=74882"},{"taxonomy":"post_tag","embeddable":true,"href":"https:\/\/www.europesays.com\/se\/wp-json\/wp\/v2\/tags?post=74882"}],"curies":[{"name":"wp","href":"https:\/\/api.w.org\/{rel}","templated":true}]}}