{"id":74894,"date":"2025-11-07T18:13:10","date_gmt":"2025-11-07T18:13:10","guid":{"rendered":"https:\/\/www.europesays.com\/se\/74894\/"},"modified":"2025-11-07T18:13:10","modified_gmt":"2025-11-07T18:13:10","slug":"vi-hade-kunnat-radda-de-har-barnen","status":"publish","type":"post","link":"https:\/\/www.europesays.com\/se\/74894\/","title":{"rendered":"Vi hade kunnat r\u00e4dda de h\u00e4r barnen"},"content":{"rendered":"<p>I en intervju i Eftermiddag i P4 Stockholm ber\u00e4ttar Ronja Hel\u00e9nsdotter, afficierad forskare vid Institutionen f\u00f6r Nationalekonomi med statistik, om allvarliga kvalitetsbrister inom tv\u00e5ngsomh\u00e4ndertagande av barn och ungdomar p\u00e5 SiS, HVB-hem och familjehem.<\/p>\n<p>\u201dD\u00f6dsfall bland barn hade kunnat undvikas om de inte tv\u00e5ngsomh\u00e4ndertagits\u201d, s\u00e4ger Ronja och redog\u00f6r f\u00f6r sin genomg\u00e5ng av d\u00f6dsfall under de senaste 20 \u00e5ren.<\/p>\n<p>\u201dDet \u00e4r otroligt sorgligt\u201d<\/p>\n<p>Ronja beskriver att forskningen visar att de flesta barn som tar sitt liv g\u00f6r det inom nio m\u00e5nader efter placeringen \u2013 och samtliga under tiden de \u00e4r placerade.<\/p>\n<p>\u201dDet s\u00e4ger mycket om den milj\u00f6n man blir placerad i. Det \u00e4r chockerande att det ens \u00e4r m\u00f6jligt. Det \u00e4r s\u00e5 pass mycket \u00f6vervakning, jag var v\u00e4ldigt f\u00f6rv\u00e5nad \u00f6ver att s\u00e5 m\u00e5nga d\u00f6r n\u00e4r de blir placerade\u201d, s\u00e4ger hon.<\/p>\n<p>Hon betonar att de inledande m\u00e5naderna \u00e4r en kritisk period d\u00e5 tillsynen m\u00e5ste ut\u00f6kas och varningssignaler tas p\u00e5 st\u00f6rsta allvar.<\/p>\n<p>\u201dI m\u00e5nga fall finns tydliga tecken p\u00e5 att barnet kommer ta sitt liv. D\u00e5 m\u00e5ste man verkligen agera p\u00e5 det, till exempel genom att aldrig l\u00e4mna barnet ensamt n\u00e4r hen uttrycker sj\u00e4lvmordstankar och s\u00e4kerst\u00e4lla att barnet f\u00e5r psykiatrisk v\u00e5rd.\u201d<\/p>\n<p>F\u00f6rvar i st\u00e4llet f\u00f6r v\u00e5rd<\/p>\n<p>Ronja har identifierat stora brister i v\u00e5rden av de tv\u00e5ngsplacerades, inklusive brist av psykiatrisk behandling, felmedicinering och bristande agerande vid akut suicidal intention.<\/p>\n<p>\u201dSamarbetet mellan socialtj\u00e4nst och sjukv\u00e5rd m\u00e5ste bli mycket starkare. I nul\u00e4get \u00e4r SiS f\u00f6rvar i st\u00e4llet f\u00f6r v\u00e5rd\u201d, s\u00e4ger hon.<\/p>\n<p>Hon pekar ocks\u00e5 p\u00e5 att det \u00e4r sv\u00e5rt att f\u00e5 till stabil kontakt med v\u00e5rden eftersom m\u00e5nga barn flyttas mellan regioner och olika boenden.<\/p>\n<p>S\u00e5 hade barnen kunnat r\u00e4ddas<\/p>\n<p>Ronja framh\u00e5ller att problemen inte bara finns p\u00e5 SiS-hem utan \u00e4ven p\u00e5 familjehem och HVB-hem, d\u00e4r barn och ungdomar ofta p\u00e5verkar varandra negativt och uts\u00e4tter varandra f\u00f6r brott och mobbning.<\/p>\n<p>\u201dDet \u00e4r viktigt att minska den negativa p\u00e5verkan barnen har p\u00e5 varandra och att s\u00e4kerst\u00e4lla en trygg och stabil milj\u00f6.\u201d<\/p>\n<p>Slutsatsen fr\u00e5n Ronjas studie \u00e4r tydlig:m\u00e5nga av d\u00f6dsfallen hon studerat kunde ha f\u00f6rhindrats om barnen f\u00e5tt st\u00f6d i sina egna hem. Hennes forskning visar att framtiden f\u00f6r dessa barn i genomsnitt hade varit ljusare med r\u00e4tt insatser p\u00e5 hemmaplan.<\/p>\n<p><a href=\"https:\/\/www.sverigesradio.se\/avsnitt\/2682327#;;total_SS_start;;\" data-entity-type=\"external\" rel=\"nofollow noopener\" target=\"_blank\">Lyssna p\u00e5 Ronja Hel\u00e9nsdotter i Eftermiddag i P4 Stockholm<\/a><\/p>\n","protected":false},"excerpt":{"rendered":"I en intervju i Eftermiddag i P4 Stockholm ber\u00e4ttar Ronja Hel\u00e9nsdotter, afficierad forskare vid Institutionen f\u00f6r Nationalekonomi med&hellip;\n","protected":false},"author":2,"featured_media":74895,"comment_status":"","ping_status":"","sticky":false,"template":"","format":"standard","meta":{"footnotes":""},"categories":[69],"tags":[113,112,34,31,33,32,30],"class_list":{"0":"post-74894","1":"post","2":"type-post","3":"status-publish","4":"format-standard","5":"has-post-thumbnail","7":"category-halsa","8":"tag-halsa","9":"tag-health","10":"tag-se","11":"tag-svenska","12":"tag-sverige","13":"tag-sweden","14":"tag-swedish"},"share_on_mastodon":{"url":"https:\/\/pubeurope.com\/@se\/115509775872570355","error":""},"_links":{"self":[{"href":"https:\/\/www.europesays.com\/se\/wp-json\/wp\/v2\/posts\/74894","targetHints":{"allow":["GET"]}}],"collection":[{"href":"https:\/\/www.europesays.com\/se\/wp-json\/wp\/v2\/posts"}],"about":[{"href":"https:\/\/www.europesays.com\/se\/wp-json\/wp\/v2\/types\/post"}],"author":[{"embeddable":true,"href":"https:\/\/www.europesays.com\/se\/wp-json\/wp\/v2\/users\/2"}],"replies":[{"embeddable":true,"href":"https:\/\/www.europesays.com\/se\/wp-json\/wp\/v2\/comments?post=74894"}],"version-history":[{"count":0,"href":"https:\/\/www.europesays.com\/se\/wp-json\/wp\/v2\/posts\/74894\/revisions"}],"wp:featuredmedia":[{"embeddable":true,"href":"https:\/\/www.europesays.com\/se\/wp-json\/wp\/v2\/media\/74895"}],"wp:attachment":[{"href":"https:\/\/www.europesays.com\/se\/wp-json\/wp\/v2\/media?parent=74894"}],"wp:term":[{"taxonomy":"category","embeddable":true,"href":"https:\/\/www.europesays.com\/se\/wp-json\/wp\/v2\/categories?post=74894"},{"taxonomy":"post_tag","embeddable":true,"href":"https:\/\/www.europesays.com\/se\/wp-json\/wp\/v2\/tags?post=74894"}],"curies":[{"name":"wp","href":"https:\/\/api.w.org\/{rel}","templated":true}]}}