{"id":74912,"date":"2025-11-07T18:38:13","date_gmt":"2025-11-07T18:38:13","guid":{"rendered":"https:\/\/www.europesays.com\/se\/74912\/"},"modified":"2025-11-07T18:38:13","modified_gmt":"2025-11-07T18:38:13","slug":"backen-om-uppbrottet-med-ssk-tufft-och-pressat","status":"publish","type":"post","link":"https:\/\/www.europesays.com\/se\/74912\/","title":{"rendered":"Backen om uppbrottet med SSK: &#8221;Tufft och pressat&#8221;"},"content":{"rendered":"<p><strong>Under dagen meddelade <a href=\"https:\/\/hockeysverige.se\/klubb\/sodertalje-sk\/\" rel=\"nofollow noopener\" target=\"_blank\">S\u00f6dert\u00e4lje<\/a> att den 24-\u00e5riga backen Elias Lindgren l\u00e4mnar laget \u2013 och i samma veva presenterades han f\u00f6r en \u00e5terkomst till <a href=\"https:\/\/hockeysverige.se\/klubb\/vimmerby-hockey\/\" rel=\"nofollow noopener\" target=\"_blank\">Vimmerby<\/a>. Nu ber\u00e4ttar Lindgren sj\u00e4lv om uppbrottet med krisklubben.<br \/>\u2013 Jag har v\u00e4l inte h\u00f6rt s\u00e5 mycket egentligen, inte mer \u00e4n att de tycker jag gjort det bra n\u00e4r jag v\u00e4l spelat, s\u00e4ger han till <a href=\"https:\/\/www.vimmerbytidning.se\/sport\/ishockey\/artikel\/lindgrens-egna-ord-om-aterkomsten-det-var-bast-for-mig\/r04wk60l\" rel=\"nofollow noopener\" target=\"_blank\">Vimmerby Tidning<\/a>.<\/strong><\/p>\n<p><img loading=\"lazy\" decoding=\"async\" width=\"1024\" height=\"658\" src=\"https:\/\/www.europesays.com\/se\/wp-content\/uploads\/2025\/11\/Elias-Lindgren-1-1024x658.webp.webp\" alt=\"\" class=\"wp-image-323128\"  \/>Elias Lindgren.<br \/>\nFoto: Jesper Zerman\/Bildbyr\u00e5n.<\/p>\n<p>Elias Lindgren v\u00e4rvades till ett toppsatsande S\u00f6dert\u00e4lje efter tv\u00e5 s\u00e4songer i Vimmerby. Den h\u00e4r s\u00e4songen har dock inte g\u00e5tt helt som planerat och backen har f\u00e5tt begr\u00e4nsat med speltid, medan laget ligger sist i tabellen.<\/p>\n<p>Under dagen meddelade S\u00f6dert\u00e4lje att parterna kommit \u00f6verens om att bryta kontraktet, samtidigt presenterades backen f\u00f6r Vimmerby.<\/p>\n<p>Lindgren f\u00f6rklarar den begr\u00e4nsade speltiden med att SSK haft andra backar som g\u00e5tt f\u00f6re, men menar samtidigt att han inte h\u00f6r s\u00e4rskilt mycket fr\u00e5n SSK. <\/p>\n<p>\u2013 Jag har v\u00e4l inte h\u00f6rt s\u00e5 mycket egentligen, inte mer \u00e4n att de tycker jag gjort det bra n\u00e4r jag v\u00e4l spelat. Det har varit ett tufft och pressat l\u00e4ge. D\u00e5 har de valt att spela p\u00e5 rutin, s\u00e4ger han till Vimmerby Tidning.<\/p>\n<p>\u201dGanska god st\u00e4mning\u201d<\/p>\n<p>SSK har haft det riktigt tufft under inledningen av s\u00e4songen och ligger just nu sist i tabellen, precis bakom Lindgren nygamla klubb Vimmerby. Enligt honom har k\u00e4nslan i laget varit bra, trots det tuffa starten.<\/p>\n<p>\u2013 Det har \u00e4nd\u00e5 varit en ganska god st\u00e4mning, det \u00e4r en bra grupp med m\u00e5nga killar som driver p\u00e5. Samtidigt \u00e4r alla medvetna om att det inte g\u00e5tt som f\u00f6rv\u00e4ntat.<\/p>\n<p>Att han hamnade i sin forna klubb var inte slumpen.<\/p>\n<p>\u2013 Jag snackade med n\u00e5gra klubbar, men jag kom fram till att Vimmerby skulle bli b\u00e4st f\u00f6r mig. Det \u00e4r en trygghet och de presenterade ett bra uppl\u00e4gg.<\/p>\n<p>Lindgren lyckades inte ta n\u00e5gra po\u00e4ng under sin tid i S\u00f6dert\u00e4lje, men stod f\u00f6r 15 po\u00e4ng (3+12) under fjol\u00e5rss\u00e4songen med Vimmerby.<\/p>\n<p> Source: <a href=\"https:\/\/www.eliteprospects.com\/player\/350029\/elias-lindgren\" target=\"_blank\" rel=\"noopener noreferrer nofollow\">Elias Lindgren<\/a> @ Elite Prospects<\/p>\n","protected":false},"excerpt":{"rendered":"Under dagen meddelade S\u00f6dert\u00e4lje att den 24-\u00e5riga backen Elias Lindgren l\u00e4mnar laget \u2013 och i samma veva presenterades&hellip;\n","protected":false},"author":2,"featured_media":74913,"comment_status":"","ping_status":"","sticky":false,"template":"","format":"standard","meta":{"footnotes":""},"categories":[68],"tags":[621,34,133,111,110,31,33,32,30],"class_list":{"0":"post-74912","1":"post","2":"type-post","3":"status-publish","4":"format-standard","5":"has-post-thumbnail","7":"category-sport","8":"tag-hockeyallsvenskan","9":"tag-se","10":"tag-second-news","11":"tag-sport","12":"tag-sports","13":"tag-svenska","14":"tag-sverige","15":"tag-sweden","16":"tag-swedish"},"share_on_mastodon":{"url":"https:\/\/pubeurope.com\/@se\/115509874183297582","error":""},"_links":{"self":[{"href":"https:\/\/www.europesays.com\/se\/wp-json\/wp\/v2\/posts\/74912","targetHints":{"allow":["GET"]}}],"collection":[{"href":"https:\/\/www.europesays.com\/se\/wp-json\/wp\/v2\/posts"}],"about":[{"href":"https:\/\/www.europesays.com\/se\/wp-json\/wp\/v2\/types\/post"}],"author":[{"embeddable":true,"href":"https:\/\/www.europesays.com\/se\/wp-json\/wp\/v2\/users\/2"}],"replies":[{"embeddable":true,"href":"https:\/\/www.europesays.com\/se\/wp-json\/wp\/v2\/comments?post=74912"}],"version-history":[{"count":0,"href":"https:\/\/www.europesays.com\/se\/wp-json\/wp\/v2\/posts\/74912\/revisions"}],"wp:featuredmedia":[{"embeddable":true,"href":"https:\/\/www.europesays.com\/se\/wp-json\/wp\/v2\/media\/74913"}],"wp:attachment":[{"href":"https:\/\/www.europesays.com\/se\/wp-json\/wp\/v2\/media?parent=74912"}],"wp:term":[{"taxonomy":"category","embeddable":true,"href":"https:\/\/www.europesays.com\/se\/wp-json\/wp\/v2\/categories?post=74912"},{"taxonomy":"post_tag","embeddable":true,"href":"https:\/\/www.europesays.com\/se\/wp-json\/wp\/v2\/tags?post=74912"}],"curies":[{"name":"wp","href":"https:\/\/api.w.org\/{rel}","templated":true}]}}