{"id":7493,"date":"2025-08-18T06:08:08","date_gmt":"2025-08-18T06:08:08","guid":{"rendered":"https:\/\/www.europesays.com\/se\/7493\/"},"modified":"2025-08-18T06:08:08","modified_gmt":"2025-08-18T06:08:08","slug":"covidvaccin-skyddar-mot-astma-och-hosnuva","status":"publish","type":"post","link":"https:\/\/www.europesays.com\/se\/7493\/","title":{"rendered":"Covidvaccin skyddar mot astma och h\u00f6snuva"},"content":{"rendered":"<p><img width=\"1262\" height=\"1740\" src=\"https:\/\/www.europesays.com\/se\/wp-content\/uploads\/2025\/08\/PhilipCurman_fotoGunillaSonnebring_portr.jpg\" class=\"attachment-original size-original\" alt=\"Philip Curman\" decoding=\"async\" fetchpriority=\"high\"  \/><\/p>\n<p>Philip Curman. Foto: Gunilla Sonnebring<\/p>\n<p>Covidvaccin skyddar inte bara mot akut covid-19-infektion. Vaccinet minskar ocks\u00e5 risken f\u00f6r astma och andra inflammatoriska sjukdomar i luftv\u00e4garna som covid-19 kan utl\u00f6sa.<\/p>\n<p><strong>Det visar en<\/strong> omfattande epidemiologisk registerstudie som forskare vid Karolinska institutet har lett. Resultaten \u00e4r nu publicerade i <a href=\"https:\/\/pubmed.ncbi.nlm.nih.gov\/40812431\/\" rel=\"nofollow noopener\" target=\"_blank\">Clinical immunology<\/a>.<\/p>\n<p>Covid kan utl\u00f6sa astma<\/p>\n<p>Forskarna anv\u00e4nde en elektronisk h\u00e4lsodatabas i USA,<a href=\"https:\/\/trinetx.com\/\" rel=\"nofollow noopener\" target=\"_blank\"> TrinetX<\/a>. De unders\u00f6kte sambandet mellan covid-19 och s\u00e5 kallade typ-2-inflammatoriska sjukdomar. Dessa \u00e4r olika kroniska tillst\u00e5nd d\u00e4r immunf\u00f6rsvaret \u00f6verreagerar p\u00e5 allergiframkallande eller andra \u00e4mnen.<\/p>\n<p><strong>Forskarna j\u00e4mf\u00f6rde 973 794<\/strong> personer som haft covid-19 med 691 270 personer som f\u00e5tt covidvaccin och med 4 388 409 friska kontrollpersoner utan vare sig dokumenterad infektion eller vaccination.<\/p>\n<p>Resultatet visade att personer som haft covid-19 hade 66 procent h\u00f6gre risk att utveckla astma \u00e4n kontrollgruppen. risken f\u00f6r kronisk bih\u00e5leinflammation var 74 procent h\u00f6gre bland dem som haft covid och risken f\u00f6r h\u00f6snuva 27 procent h\u00f6gre.<\/p>\n<p>Covidvaccin minskar risken<\/p>\n<p>D\u00e4remot s\u00e5gs ingen \u00f6kad risk f\u00f6r typ-2-inflammatorisk sjukdom i andra organ \u00e4n luftv\u00e4garna, som exempelvis huden.<\/p>\n<p><strong>N\u00e4r forskarna j\u00e4mf\u00f6rde<\/strong> dem som haft covid med de vaccinerade s\u00e5g de en dubbelt s\u00e5 h\u00f6g risk f\u00f6r astma och kronisk bih\u00e5leinflammation hos de som haft infektionen. Risken f\u00f6r h\u00f6snuva var 40 procent h\u00f6gre bland de som varit infekterade.<\/p>\n<p>Men \u00e4ven n\u00e4r man j\u00e4mf\u00f6rde gruppen som tagit covidvaccin med de friska ovaccinerade kontrollpersonerna syntes en riskminskning f\u00f6r typ-2-inflammatorisk sjukdom bland de vaccinerade. De hade 32 procent l\u00e4gre risk f\u00f6r astma \u00e4n kontrollgruppen och \u00e4ven en n\u00e5got l\u00e4gre risk f\u00f6r h\u00f6snuva och bih\u00e5leinflammation.<\/p>\n<p><strong>\u2013 Det \u00e4r intressant<\/strong> att se att vaccination inte bara skyddar mot infektionen i sig, utan \u00e4ven verkar ha ett gott skydd mot vissa f\u00f6ljdsjukdomar i luftv\u00e4garna, s\u00e4ger Philip Curman, l\u00e4kare och forskare vid institutionen f\u00f6r medicinsk epidemiologi och biostatistik, Karolinska institutet, i ett <a href=\"https:\/\/nyheter.ki.se\/covid-19-kopplas-till-okad-risk-for-astma-men-vaccin-skyddar\" rel=\"nofollow noopener\" target=\"_blank\">pressmeddelande<\/a>.<\/p>\n<p>Internationellt samarbete<\/p>\n<p>Philip Curman har lett studien. Forskarna vid Karolinska institutet genomf\u00f6rde den\u00a0 i n\u00e4ra samarbete med universitetet i L\u00fcbeck och L\u00fcbeck institute of experimental dermatology i Tyskland, Madrids tekniska universitet i Spanien och Bar-Ilan-universitetet i Israel.<\/p>\n<p><strong>Studien finansierades huvudsakligen<\/strong> av Deutsche Forschungsgemeinschaft, Region Stockholm och Karolinska institutet.<\/p>\n","protected":false},"excerpt":{"rendered":"Philip Curman. Foto: Gunilla Sonnebring Covidvaccin skyddar inte bara mot akut covid-19-infektion. Vaccinet minskar ocks\u00e5 risken f\u00f6r astma&hellip;\n","protected":false},"author":2,"featured_media":7494,"comment_status":"","ping_status":"","sticky":false,"template":"","format":"standard","meta":{"footnotes":""},"categories":[69],"tags":[1156,1157,113,112,446,34,31,33,32,30],"class_list":{"0":"post-7493","1":"post","2":"type-post","3":"status-publish","4":"format-standard","5":"has-post-thumbnail","7":"category-halsa","8":"tag-covid-19","9":"tag-covidvaccin","10":"tag-halsa","11":"tag-health","12":"tag-karolinska-institutet","13":"tag-se","14":"tag-svenska","15":"tag-sverige","16":"tag-sweden","17":"tag-swedish"},"share_on_mastodon":{"url":"","error":""},"_links":{"self":[{"href":"https:\/\/www.europesays.com\/se\/wp-json\/wp\/v2\/posts\/7493","targetHints":{"allow":["GET"]}}],"collection":[{"href":"https:\/\/www.europesays.com\/se\/wp-json\/wp\/v2\/posts"}],"about":[{"href":"https:\/\/www.europesays.com\/se\/wp-json\/wp\/v2\/types\/post"}],"author":[{"embeddable":true,"href":"https:\/\/www.europesays.com\/se\/wp-json\/wp\/v2\/users\/2"}],"replies":[{"embeddable":true,"href":"https:\/\/www.europesays.com\/se\/wp-json\/wp\/v2\/comments?post=7493"}],"version-history":[{"count":0,"href":"https:\/\/www.europesays.com\/se\/wp-json\/wp\/v2\/posts\/7493\/revisions"}],"wp:featuredmedia":[{"embeddable":true,"href":"https:\/\/www.europesays.com\/se\/wp-json\/wp\/v2\/media\/7494"}],"wp:attachment":[{"href":"https:\/\/www.europesays.com\/se\/wp-json\/wp\/v2\/media?parent=7493"}],"wp:term":[{"taxonomy":"category","embeddable":true,"href":"https:\/\/www.europesays.com\/se\/wp-json\/wp\/v2\/categories?post=7493"},{"taxonomy":"post_tag","embeddable":true,"href":"https:\/\/www.europesays.com\/se\/wp-json\/wp\/v2\/tags?post=7493"}],"curies":[{"name":"wp","href":"https:\/\/api.w.org\/{rel}","templated":true}]}}