{"id":74943,"date":"2025-11-07T19:15:07","date_gmt":"2025-11-07T19:15:07","guid":{"rendered":"https:\/\/www.europesays.com\/se\/74943\/"},"modified":"2025-11-07T19:15:07","modified_gmt":"2025-11-07T19:15:07","slug":"07-november-18-37-ovrigt-trelleborg","status":"publish","type":"post","link":"https:\/\/www.europesays.com\/se\/74943\/","title":{"rendered":"07 november 18.37, \u00d6vrigt, Trelleborg"},"content":{"rendered":"<p>Polisen kan komma att kamerabevaka de centrala delarna av Trelleborg med hj\u00e4lp av dr\u00f6nare den 8 november, klockan 10.00 till 19.00.<\/p>\n<p>Polismyndigheten har fattat beslut om att dr\u00f6nare kan komma att anv\u00e4ndas vid kamerabevakning av centrala Trelleborg. Polismyndigheten har fattat detta beslut i samband med en fotbollsmatch som \u00e4ger rum p\u00e5 V\u00e5ngavallen.<\/p>\n<p>Beslutet g\u00e4ller fr\u00e5n klockan 10.00 till 19.00 den 8 november 2025. Ber\u00f6rda omr\u00e5den framg\u00e5r av bifogad bild.<\/p>\n<p>Syftet \u00e4r att f\u00f6rebygga, f\u00f6rhindra och uppt\u00e4cka brott samt underl\u00e4tta och m\u00f6jligg\u00f6ra utredning och bevisning av intr\u00e4ffade brott.<\/p>\n","protected":false},"excerpt":{"rendered":"Polisen kan komma att kamerabevaka de centrala delarna av Trelleborg med hj\u00e4lp av dr\u00f6nare den 8 november, klockan&hellip;\n","protected":false},"author":2,"featured_media":54,"comment_status":"","ping_status":"","sticky":false,"template":"","format":"standard","meta":{"footnotes":""},"categories":[12],"tags":[22,23,26,27,17,21,24,25,28,29,15,16,18,34,31,33,32,30,19,20],"class_list":{"0":"post-74943","1":"post","2":"type-post","3":"status-publish","4":"format-standard","5":"has-post-thumbnail","7":"category-sverige","8":"tag-breaking-news","9":"tag-breakingnews","10":"tag-featured-news","11":"tag-featurednews","12":"tag-headlines","13":"tag-huvudnyheter","14":"tag-latest-news","15":"tag-latestnews","16":"tag-main-news","17":"tag-mainnews","18":"tag-news","19":"tag-nyheter","20":"tag-rubriker","21":"tag-se","22":"tag-svenska","23":"tag-sverige","24":"tag-sweden","25":"tag-swedish","26":"tag-top-stories","27":"tag-topstories"},"share_on_mastodon":{"url":"https:\/\/pubeurope.com\/@se\/115510019658910911","error":""},"_links":{"self":[{"href":"https:\/\/www.europesays.com\/se\/wp-json\/wp\/v2\/posts\/74943","targetHints":{"allow":["GET"]}}],"collection":[{"href":"https:\/\/www.europesays.com\/se\/wp-json\/wp\/v2\/posts"}],"about":[{"href":"https:\/\/www.europesays.com\/se\/wp-json\/wp\/v2\/types\/post"}],"author":[{"embeddable":true,"href":"https:\/\/www.europesays.com\/se\/wp-json\/wp\/v2\/users\/2"}],"replies":[{"embeddable":true,"href":"https:\/\/www.europesays.com\/se\/wp-json\/wp\/v2\/comments?post=74943"}],"version-history":[{"count":0,"href":"https:\/\/www.europesays.com\/se\/wp-json\/wp\/v2\/posts\/74943\/revisions"}],"wp:featuredmedia":[{"embeddable":true,"href":"https:\/\/www.europesays.com\/se\/wp-json\/wp\/v2\/media\/54"}],"wp:attachment":[{"href":"https:\/\/www.europesays.com\/se\/wp-json\/wp\/v2\/media?parent=74943"}],"wp:term":[{"taxonomy":"category","embeddable":true,"href":"https:\/\/www.europesays.com\/se\/wp-json\/wp\/v2\/categories?post=74943"},{"taxonomy":"post_tag","embeddable":true,"href":"https:\/\/www.europesays.com\/se\/wp-json\/wp\/v2\/tags?post=74943"}],"curies":[{"name":"wp","href":"https:\/\/api.w.org\/{rel}","templated":true}]}}