{"id":74951,"date":"2025-11-07T19:24:30","date_gmt":"2025-11-07T19:24:30","guid":{"rendered":"https:\/\/www.europesays.com\/se\/74951\/"},"modified":"2025-11-07T19:24:30","modified_gmt":"2025-11-07T19:24:30","slug":"hovratten-domer-kindberg-men-sanker-straffet-vasterbottens-kuriren","status":"publish","type":"post","link":"https:\/\/www.europesays.com\/se\/74951\/","title":{"rendered":"Hovr\u00e4tten d\u00f6mer Kindberg \u2013 men s\u00e4nker straffet &#8211; V\u00e4sterbottens-Kuriren"},"content":{"rendered":"<ol>\n<li><a href=\"https:\/\/news.google.com\/rss\/articles\/CBMihgFBVV95cUxPaUt2LS15VERScEJmTmlwT1NadDVHbDl5RWdvWDd6VWRYeVpDMWJiR1hZVkZ3a0h0Mk1NMEJSLXV1d1ZUTVJtbEM0Qld1aEdpaFd3M0oxdTgxLUl2RWJ1S3JLaGx6d01hblcwWlRTNVRDSk5aMDUybzFyNGlGT3RrNUlHcHl2QQ?oc=5\" target=\"_blank\" rel=\"nofollow noopener\">Hovr\u00e4tten d\u00f6mer Kindberg \u2013 men s\u00e4nker straffet<\/a>&nbsp;&nbsp;V\u00e4sterbottens-Kuriren<\/li>\n<li><a href=\"https:\/\/news.google.com\/rss\/articles\/CBMiswFBVV95cUxOeXp2WTdPMUdBWFJfNThtWHB1dUwtOVZXN3Fka2ZXWGJpTE00aGVHblZBQndLMGNCeWVqUUxEZzI0c0wtc2JqbnJjM29ndlphQjZXZ2ZpcVJOSUFsWnR2Z0FsWjlQeEhhZmRXSUplTWFOUDJNYWdfRDZLYzB1bXF2bVFUSk5vOFZ1dTVWVWx1RzgtdjRiQ0xlMzQ1YzNhaGN6c0FXUU1WWFZ1T3B2SHFRcXZZTQ?oc=5\" target=\"_blank\" rel=\"nofollow noopener\">Drar till Ukraina efter f\u00e4ngelsedomen<\/a>&nbsp;&nbsp;Aftonbladet<\/li>\n<li><a href=\"https:\/\/news.google.com\/rss\/articles\/CBMipgFBVV95cUxQNWhGUzZjaWhCZUJwYllRSFBIU0g2QXkyYWg4SXM5T015cXhWOG9NdWk2aXR5MjNRemZjcnNzTDZMNFVoVW9LbTNDdnR6NUNZYjNrYUw0cUd1NjVLYXVub2Zjak41bGg2MlRkMzZnM1FKYkJSamVDUzJaQ2k0YUVnWXh3d0ZMR2pRUkRjcVp1OHFsUjNvYW9zWmh6OFZkMFZ4blR2aTJR?oc=5\" target=\"_blank\" rel=\"nofollow noopener\">Hovr\u00e4tten: F\u00e4ngelse f\u00f6r tre tilltalade i mutbrottsm\u00e5let<\/a>&nbsp;&nbsp;SVT Nyheter<\/li>\n<li><a href=\"https:\/\/news.google.com\/rss\/articles\/CBMiWEFVX3lxTFB3ZHpOSkFzb25kbkZ5aGwyeko3RVNVWDJLUDVROXB0Zl9tYjVlZEpDYXk4Q1lPRzU1aG5qdmtJTTNqRWtSM1l3UWFuRnVOazdvWlRhWkpaaGc?oc=5\" target=\"_blank\" rel=\"nofollow noopener\">De d\u00f6ms till f\u00e4ngelse<\/a>&nbsp;&nbsp;\u00d6stersunds-Posten<\/li>\n<li><a href=\"https:\/\/news.google.com\/rss\/articles\/CBMicEFVX3lxTE1mMUhDOFcyQ3NSc2ZIalR3Y1pWaWd2SGk0TW5PLXJZdlN2aUMtbWoxbm9QRUM1b0dLSmc4cl9TU3BLVXpyZkRZZDJsY3ZnQURiVWE0Y2xoYUt4RkpPbnQ4SWdtTUh2TTlITHI1X05TVU4?oc=5\" target=\"_blank\" rel=\"nofollow noopener\">Kindberg f\u00e5r s\u00e4nkt f\u00e4ngelsestraff \u2013 f\u00f6r grovt mutbrott<\/a>&nbsp;&nbsp;Sveriges Radio<\/li>\n<\/ol>\n","protected":false},"excerpt":{"rendered":"Hovr\u00e4tten d\u00f6mer Kindberg \u2013 men s\u00e4nker straffet&nbsp;&nbsp;V\u00e4sterbottens-Kuriren Drar till Ukraina efter f\u00e4ngelsedomen&nbsp;&nbsp;Aftonbladet Hovr\u00e4tten: F\u00e4ngelse f\u00f6r tre tilltalade i&hellip;\n","protected":false},"author":2,"featured_media":74952,"comment_status":"","ping_status":"","sticky":false,"template":"","format":"standard","meta":{"footnotes":""},"categories":[5],"tags":[22,23,26,27,17,21,24,25,28,29,15,16,18,34,31,33,32,30,19,20],"class_list":{"0":"post-74951","1":"post","2":"type-post","3":"status-publish","4":"format-standard","5":"has-post-thumbnail","7":"category-rubriker","8":"tag-breaking-news","9":"tag-breakingnews","10":"tag-featured-news","11":"tag-featurednews","12":"tag-headlines","13":"tag-huvudnyheter","14":"tag-latest-news","15":"tag-latestnews","16":"tag-main-news","17":"tag-mainnews","18":"tag-news","19":"tag-nyheter","20":"tag-rubriker","21":"tag-se","22":"tag-svenska","23":"tag-sverige","24":"tag-sweden","25":"tag-swedish","26":"tag-top-stories","27":"tag-topstories"},"share_on_mastodon":{"url":"https:\/\/pubeurope.com\/@se\/115510054938700690","error":""},"_links":{"self":[{"href":"https:\/\/www.europesays.com\/se\/wp-json\/wp\/v2\/posts\/74951","targetHints":{"allow":["GET"]}}],"collection":[{"href":"https:\/\/www.europesays.com\/se\/wp-json\/wp\/v2\/posts"}],"about":[{"href":"https:\/\/www.europesays.com\/se\/wp-json\/wp\/v2\/types\/post"}],"author":[{"embeddable":true,"href":"https:\/\/www.europesays.com\/se\/wp-json\/wp\/v2\/users\/2"}],"replies":[{"embeddable":true,"href":"https:\/\/www.europesays.com\/se\/wp-json\/wp\/v2\/comments?post=74951"}],"version-history":[{"count":0,"href":"https:\/\/www.europesays.com\/se\/wp-json\/wp\/v2\/posts\/74951\/revisions"}],"wp:featuredmedia":[{"embeddable":true,"href":"https:\/\/www.europesays.com\/se\/wp-json\/wp\/v2\/media\/74952"}],"wp:attachment":[{"href":"https:\/\/www.europesays.com\/se\/wp-json\/wp\/v2\/media?parent=74951"}],"wp:term":[{"taxonomy":"category","embeddable":true,"href":"https:\/\/www.europesays.com\/se\/wp-json\/wp\/v2\/categories?post=74951"},{"taxonomy":"post_tag","embeddable":true,"href":"https:\/\/www.europesays.com\/se\/wp-json\/wp\/v2\/tags?post=74951"}],"curies":[{"name":"wp","href":"https:\/\/api.w.org\/{rel}","templated":true}]}}