{"id":74957,"date":"2025-11-07T19:31:15","date_gmt":"2025-11-07T19:31:15","guid":{"rendered":"https:\/\/www.europesays.com\/se\/74957\/"},"modified":"2025-11-07T19:31:15","modified_gmt":"2025-11-07T19:31:15","slug":"dom-i-mal-om-13-ton-kokain-och-forsok-till-mord-m-m","status":"publish","type":"post","link":"https:\/\/www.europesays.com\/se\/74957\/","title":{"rendered":"Dom i m\u00e5l om 1,3 ton kokain och f\u00f6rs\u00f6k till mord m.m."},"content":{"rendered":"<p>&#13;<br \/>\n&#13;<br \/>\nHovr\u00e4tten har idag meddelat dom i ett m\u00e5l som r\u00f6r bland annat ett beslag av drygt 1,3 ton kokain i Nyn\u00e4shamn i april 2024.<\/p>\n<p>Hovr\u00e4tten frik\u00e4nner nio personer som tingsr\u00e4tten d\u00f6mde f\u00f6r f\u00f6rs\u00f6k till synnerligen grovt narkotikabrott eller medhj\u00e4lp d\u00e4rtill. Flera av dem var visserligen med n\u00e4r containern med kokain br\u00f6ts upp, men enligt hovr\u00e4tten \u00e4r det inte tillr\u00e4ckligt bevisat att de visste eller misst\u00e4nkte att det var narkotika som de skulle h\u00e4mta.<\/p>\n<p>Tillr\u00e4cklig s\u00e5dan bevisning finns emellertid f\u00f6r en person enligt hovr\u00e4tten. Den personen d\u00f6ms f\u00f6r synnerligen grovt narkotikabrott till sju \u00e5rs f\u00e4ngelse.<\/p>\n<p>En annan person d\u00f6ms till livstids f\u00e4ngelse. Personen d\u00f6ms inte bara f\u00f6r synnerligen grovt narkotikabrott avseende kokainet utan ocks\u00e5, liksom i tingsr\u00e4tten, f\u00f6r f\u00f6rs\u00f6k till mord f\u00f6r en skjutning i Malm\u00f6 i augusti 2024 som utf\u00f6rdes av en 13-\u00e5ring. Liksom tingsr\u00e4tten d\u00f6mer hovr\u00e4tten personen \u00e4ven f\u00f6r involverande av 13-\u00e5ringen i brottslighet. Till skillnad fr\u00e5n tingsr\u00e4tten d\u00f6mer hovr\u00e4tten personen \u00e4ven f\u00f6r grovt vapenbrott avseende den pistol som 13-\u00e5ringen anv\u00e4nde.<\/p>\n<p>Liksom tingsr\u00e4tten fastst\u00e4ller hovr\u00e4tten att 13-\u00e5ringen gjort sig skyldig till mordf\u00f6rs\u00f6k.<\/p>\n<p>En domare \u00e4r delvis skiljaktig och vill d\u00f6ma flera av de frik\u00e4nda personerna och dessutom d\u00f6ma den livstidsd\u00f6mde personen \u00e4ven f\u00f6r tv\u00e5 st\u00e4mplingar till mord. \u00a0<\/p>\n","protected":false},"excerpt":{"rendered":"&#13; &#13; Hovr\u00e4tten har idag meddelat dom i ett m\u00e5l som r\u00f6r bland annat ett beslag av drygt&hellip;\n","protected":false},"author":2,"featured_media":74958,"comment_status":"","ping_status":"","sticky":false,"template":"","format":"standard","meta":{"footnotes":""},"categories":[12],"tags":[22,23,26,27,17,21,24,25,28,29,15,16,18,34,31,33,32,30,19,20],"class_list":{"0":"post-74957","1":"post","2":"type-post","3":"status-publish","4":"format-standard","5":"has-post-thumbnail","7":"category-sverige","8":"tag-breaking-news","9":"tag-breakingnews","10":"tag-featured-news","11":"tag-featurednews","12":"tag-headlines","13":"tag-huvudnyheter","14":"tag-latest-news","15":"tag-latestnews","16":"tag-main-news","17":"tag-mainnews","18":"tag-news","19":"tag-nyheter","20":"tag-rubriker","21":"tag-se","22":"tag-svenska","23":"tag-sverige","24":"tag-sweden","25":"tag-swedish","26":"tag-top-stories","27":"tag-topstories"},"share_on_mastodon":{"url":"https:\/\/pubeurope.com\/@se\/115510082616794765","error":""},"_links":{"self":[{"href":"https:\/\/www.europesays.com\/se\/wp-json\/wp\/v2\/posts\/74957","targetHints":{"allow":["GET"]}}],"collection":[{"href":"https:\/\/www.europesays.com\/se\/wp-json\/wp\/v2\/posts"}],"about":[{"href":"https:\/\/www.europesays.com\/se\/wp-json\/wp\/v2\/types\/post"}],"author":[{"embeddable":true,"href":"https:\/\/www.europesays.com\/se\/wp-json\/wp\/v2\/users\/2"}],"replies":[{"embeddable":true,"href":"https:\/\/www.europesays.com\/se\/wp-json\/wp\/v2\/comments?post=74957"}],"version-history":[{"count":0,"href":"https:\/\/www.europesays.com\/se\/wp-json\/wp\/v2\/posts\/74957\/revisions"}],"wp:featuredmedia":[{"embeddable":true,"href":"https:\/\/www.europesays.com\/se\/wp-json\/wp\/v2\/media\/74958"}],"wp:attachment":[{"href":"https:\/\/www.europesays.com\/se\/wp-json\/wp\/v2\/media?parent=74957"}],"wp:term":[{"taxonomy":"category","embeddable":true,"href":"https:\/\/www.europesays.com\/se\/wp-json\/wp\/v2\/categories?post=74957"},{"taxonomy":"post_tag","embeddable":true,"href":"https:\/\/www.europesays.com\/se\/wp-json\/wp\/v2\/tags?post=74957"}],"curies":[{"name":"wp","href":"https:\/\/api.w.org\/{rel}","templated":true}]}}