{"id":75023,"date":"2025-11-07T21:05:08","date_gmt":"2025-11-07T21:05:08","guid":{"rendered":"https:\/\/www.europesays.com\/se\/75023\/"},"modified":"2025-11-07T21:05:08","modified_gmt":"2025-11-07T21:05:08","slug":"eric-abidal-rekryterar-svenska-tranaren-mesut-meral-fotboll","status":"publish","type":"post","link":"https:\/\/www.europesays.com\/se\/75023\/","title":{"rendered":"Eric Abidal rekryterar svenska tr\u00e4naren Mesut Meral | Fotboll"},"content":{"rendered":"<p>Publicerad 7 nov 2025 kl 19.58Uppdaterad kl 20.37<\/p>\n<p>Al Wasl i F\u00f6renade Arabemiraten har varit p\u00e5 jakt efter ny tr\u00e4nare.<\/p>\n<p>Expressen kan avsl\u00f6ja att Mesut Meral blir ny huvudtr\u00e4nare i klubben.<\/p>\n<p>H\u00e4nder inget ov\u00e4ntat presenteras svensken inom kort.<\/p>\n<p><img   alt=\"\"\/><\/p>\n<p>AIK:s assisterande tr\u00e4nare Mesut Meral.<\/p>\n<p>Foto: JESPER ZERMAN \/ BILDBYR\u00c5N<\/p>\n<p>\u00d6ppna bild i helsk\u00e4rm<img loading=\"lazy\"   alt=\"\"\/><\/p>\n<p>Eric Abidal.<\/p>\n<p>Foto: SANDRINE THESILLAT VIA WWW.IMAGO-IMAGES. \/ IMAGO IMAGES\/PANORAMIC WWW.IMAGO-IMAGES.DE<\/p>\n<p>\u00d6ppna bild i helsk\u00e4rm<\/p>\n<p>Al Wasl i F\u00f6renade Arabemiraten tvingades skifta tr\u00e4nare i somras. D\u00e5 beslutade Milos Milojevic att l\u00e4mna klubben f\u00f6r att i st\u00e4llet ta \u00f6ver Sharjah FC i samma liga.<\/p>\n<p>Sportchefen <a href=\"https:\/\/www.expressen.se\/tagg\/person\/eric-abidal\/\" class=\"\" rel=\"nofollow noopener\" target=\"_blank\">Eric Abidal<\/a>, tidigare stj\u00e4rna i Barcelona, rekryterade d\u00e5 portugisen Luis Castro, men 64-\u00e5ringen basade bara \u00f6ver laget i 13 matcher innan han l\u00e4mnade i b\u00f6rjan av november.<\/p>\n<p>Tar \u00f6ver klubben<\/p>\n<p>Nu st\u00e5r det klart att Al Wasl f\u00e5r en ny svensk tr\u00e4nare.\u00a0<\/p>\n<p>Enligt Expressens k\u00e4llor tar Mesut Meral \u00f6ver som ny huvudtr\u00e4nare. D\u00e4r kommer han jobba n\u00e4ra den tidigare Hammarby-spelaren Imad Khalili som \u00e4r kvar i klubben som assisterande tr\u00e4nare. Meral har tidigare varit verksam i AIK som assisterande tr\u00e4nare och i Dalkurd.<\/p>\n<p>Hans senaste jobb var i Duhok SC i Irak. Meral har tidigare jobbat i Al Wasl. Mellan 2023 och 2024 ingick han i Milojevics ledarstab. Nu blir han ny huvudtr\u00e4nare.<\/p>\n","protected":false},"excerpt":{"rendered":"Publicerad 7 nov 2025 kl 19.58Uppdaterad kl 20.37 Al Wasl i F\u00f6renade Arabemiraten har varit p\u00e5 jakt efter&hellip;\n","protected":false},"author":2,"featured_media":75024,"comment_status":"","ping_status":"","sticky":false,"template":"","format":"standard","meta":{"footnotes":""},"categories":[68],"tags":[131,6684,34,129,111,110,31,33,32,30],"class_list":{"0":"post-75023","1":"post","2":"type-post","3":"status-publish","4":"format-standard","5":"has-post-thumbnail","7":"category-sport","8":"tag-organization-aik-fotboll","9":"tag-person-eric-abidal","10":"tag-se","11":"tag-sections-fotboll","12":"tag-sport","13":"tag-sports","14":"tag-svenska","15":"tag-sverige","16":"tag-sweden","17":"tag-swedish"},"share_on_mastodon":{"url":"https:\/\/pubeurope.com\/@se\/115510452109541232","error":""},"_links":{"self":[{"href":"https:\/\/www.europesays.com\/se\/wp-json\/wp\/v2\/posts\/75023","targetHints":{"allow":["GET"]}}],"collection":[{"href":"https:\/\/www.europesays.com\/se\/wp-json\/wp\/v2\/posts"}],"about":[{"href":"https:\/\/www.europesays.com\/se\/wp-json\/wp\/v2\/types\/post"}],"author":[{"embeddable":true,"href":"https:\/\/www.europesays.com\/se\/wp-json\/wp\/v2\/users\/2"}],"replies":[{"embeddable":true,"href":"https:\/\/www.europesays.com\/se\/wp-json\/wp\/v2\/comments?post=75023"}],"version-history":[{"count":0,"href":"https:\/\/www.europesays.com\/se\/wp-json\/wp\/v2\/posts\/75023\/revisions"}],"wp:featuredmedia":[{"embeddable":true,"href":"https:\/\/www.europesays.com\/se\/wp-json\/wp\/v2\/media\/75024"}],"wp:attachment":[{"href":"https:\/\/www.europesays.com\/se\/wp-json\/wp\/v2\/media?parent=75023"}],"wp:term":[{"taxonomy":"category","embeddable":true,"href":"https:\/\/www.europesays.com\/se\/wp-json\/wp\/v2\/categories?post=75023"},{"taxonomy":"post_tag","embeddable":true,"href":"https:\/\/www.europesays.com\/se\/wp-json\/wp\/v2\/tags?post=75023"}],"curies":[{"name":"wp","href":"https:\/\/api.w.org\/{rel}","templated":true}]}}