{"id":75028,"date":"2025-11-07T21:13:09","date_gmt":"2025-11-07T21:13:09","guid":{"rendered":"https:\/\/www.europesays.com\/se\/75028\/"},"modified":"2025-11-07T21:13:09","modified_gmt":"2025-11-07T21:13:09","slug":"mff-panathinaikos-0-1-samma-gamla-visa","status":"publish","type":"post","link":"https:\/\/www.europesays.com\/se\/75028\/","title":{"rendered":"MFF &#8211; Panathinaikos 0-1 Samma gamla visa"},"content":{"rendered":"<p>En sen matchrapport tittar p\u00e5 varf\u00f6r vi tappade po\u00e4ng \u00e4nnu en g\u00e5ng. <\/p>\n<p>Tidigare i veckan surade jag \u00f6ver att ledningen verkar g\u00e5 i samma f\u00e4lla g\u00e5ng efter g\u00e5ng och g\u00f6ra om sina egna misstag flera g\u00e5nger utan att ta l\u00e4rdom. Det samma kan tyv\u00e4rr s\u00e4gas om spelarna p\u00e5 planen. <\/p>\n<p>M\u00f6tet med Panathinaikos kom i ett besv\u00e4rligt l\u00e4ge f\u00f6r b\u00e5da lagen. MFF:s l\u00e4ge med en extremt oj\u00e4mn formkurva med fler dalar \u00e4n berg och en skadelista l\u00e4ngre \u00e4n Hammarbys lista \u00f6ver guld i kanot k\u00e4nde vi till sedan en tid tillbaka, men \u00e4ven grekerna kom till matchen med en tveksam form men dock med en relativt ny tr\u00e4nare i Rafa Benitez. <\/p>\n<p>Anes Mravac valde en till stora delar f\u00f6rv\u00e4ntad startelva men d\u00e4r det \u00e4nd\u00e5 fanns ett stort utropstecken mellan stolparna d\u00e5 han valde Melker Ellborg ist\u00e4llet f\u00f6r Robin Olsen som \u00e5terfanns p\u00e5 b\u00e4nken f\u00f6r f\u00f6rsta g\u00e5ngen sedan comebacken till MFF. <\/p>\n<p>Malm\u00f6 inledde matchen starkt och sett till f\u00f6rsta halvleken var det en av v\u00e5ra spelm\u00e4ssigt b\u00e4sta halvlekar d\u00e4r innermittf\u00e4ltstrion Kenan, Skogmar och Otto g\u00e5ng p\u00e5 g\u00e5ng kunde vinna boll och ta sig fram till farliga ytor tillsammans med framf\u00f6rallt Haksabanovic men \u00e4ven Bolin som var kvick p\u00e5 sin kant. <\/p>\n<p>Men det ska ocks\u00e5 s\u00e4gas att MFF i sammanhanget s\u00e4llan kom till n\u00e5gra riktigt bra chanser d\u00e5 man ofta kom runt p\u00e5 kanterna och ingen av spelarna hade kvalitet nog att v\u00e4nda in sj\u00e4lva och bli farliga samtidigt som spelarna i boxen inte var tillr\u00e4ckligt bra om bollen v\u00e4l n\u00e5dde dem. Skogmar kom f\u00f6rst p\u00e5 ett inspel och missade bollen typ helt och Stryger Larsen m\u00f6tte en boll fint men sk\u00f6t upp den p\u00e5 egen hand. Ekong, som borde vara hotet, var egentligen aldrig n\u00e4ra n\u00e5got inspel. <\/p>\n<p>D\u00e4remot fick han en otrolig chans tillsammans med Bolin och Haksabanovic n\u00e4r de st\u00e4llde om fint men Ekong slog en alldeles bedr\u00f6vlig passning och 3-1-l\u00e4get blev ist\u00e4llet inte ens till ett avslut. <\/p>\n<p>Det var dock ingen brist p\u00e5 chanser i \u00f6vrigt. Djuric var riktigt n\u00e4ra p\u00e5 en h\u00f6rna men m\u00e5lvakten r\u00e4ddade fint och Pontus Jansson blev totalt fri p\u00e5 en frisparksinlyftning men nicken var f\u00f6r klen och returen lyckades Djuric missa fr\u00e5n typ 2 meter. <\/p>\n<p>Enskilt b\u00e4sta chansen i halvleken hade dock Karol Swiderski fr\u00e5n elva meter. Chansen d\u00f6k upp efter att MFF slarvat i ett uppspel och Kenan f\u00f6rst tappat boll och d\u00e4refter dragit ner grekernas anfallare som sj\u00e4lv la upp bollen p\u00e5 straffpunkten. Ellborg var iskall och v\u00e4ntade ut Swiderski vars straff inte blev speciellt v\u00e4lplacerad och d\u00e5 kunde Ellborg, MFFs i s\u00e4rklass b\u00e4sta m\u00e5lvakt 2025, r\u00e4dda. <\/p>\n<p>Men 0-0 i paus. Mersmak f\u00f6r MFF dock \u00e4ven om man s\u00e5klart b\u00f6rjade bli orolig \u00f6ver alla chanser vi missade. <\/p>\n<p>I andra halvlek inledde hemmalaget det bra, men ganska snart f\u00f6ll man tillbaka och samtidigt som Panathinaikos fick bra utv\u00e4xling p\u00e5 sina byten hade MFF sv\u00e5rt att f\u00e5 ig\u00e5ng sina inhoppare och det k\u00e4ndes allm\u00e4nt som att snaran b\u00f6rjade dras \u00e5t p\u00e5 sk\u00e5ningarna. <\/p>\n<p>Men n\u00e4r Tet\u00e9 v\u00e4nde in\u00e5t och pricksk\u00f6t i bortre kryssribban b\u00f6rjade man kanske \u00e4nd\u00e5 k\u00e4nna att tiden var p\u00e5 MFF:s sida och att man skulle f\u00e5 med sig 0-0. Men s\u00e5 jobbar inte Malm\u00f6 i \u00e5r. <\/p>\n<p>Med n\u00e5gra minuter kvar kom ett inl\u00e4gg fr\u00e5n MFF:s h\u00f6gerkant och Pontus Jansson sl\u00e4ngde sig fram p\u00e5 n\u00e5got m\u00e4rkligt s\u00e4tt f\u00f6r att nicka undan bollen men den fastnade mer eller mindre p\u00e5 honom ist\u00e4llet och n\u00e4r inte heller Djuric kunde f\u00e5 bort den hamnade den hos Djuricic som drog in bollen till 1-0. <\/p>\n<p>Malm\u00f6 var aldrig riktigt n\u00e4ra att svara upp och d\u00e4rmed var f\u00f6rmodligen sista bra chansen till en seger i Europa League borta. Som vanligt. MFF missar massor med chanser och prickar knappt m\u00e5l de flesta g\u00e5ngerna och samtidigt s\u00e5 bjuder man p\u00e5 otroliga misstag som kostar bakl\u00e4ngesm\u00e5l. <\/p>\n<p>MFF &#8211; Panathinaikos &#8211; En match som p\u00e5 alla s\u00e4tt symboliserade MFF 2025. Det enda som egentligen saknades var v\u00e4l en m\u00e5lvaktstavla? <\/p>\n<p>Men jag tycker \u00e4nd\u00e5 att Malm\u00f6 i stort gjorde en ganska bra insats och att man kanske \u00e4nd\u00e5 kan ta med sig en hel del bra saker. Men riktigt s\u00e5 l\u00e5ngt orkar jag faktiskt inte t\u00e4nka &#8211; ens ett helt dygn efter slutsignalen. <\/p>\n","protected":false},"excerpt":{"rendered":"En sen matchrapport tittar p\u00e5 varf\u00f6r vi tappade po\u00e4ng \u00e4nnu en g\u00e5ng. Tidigare i veckan surade jag \u00f6ver&hellip;\n","protected":false},"author":2,"featured_media":75029,"comment_status":"","ping_status":"","sticky":false,"template":"","format":"standard","meta":{"footnotes":""},"categories":[68],"tags":[159,158,157,138,156,165,164,140,34,160,162,111,110,31,161,33,32,30,163],"class_list":{"0":"post-75028","1":"post","2":"type-post","3":"status-publish","4":"format-standard","5":"has-post-thumbnail","7":"category-sport","8":"tag-allsvenskan","9":"tag-fans","10":"tag-fantv","11":"tag-fotboll","12":"tag-hockey","13":"tag-matcher","14":"tag-matchprogram","15":"tag-premier-league","16":"tag-se","17":"tag-serie-a","18":"tag-spelschema","19":"tag-sport","20":"tag-sports","21":"tag-svenska","22":"tag-svenskafans","23":"tag-sverige","24":"tag-sweden","25":"tag-swedish","26":"tag-tabeller"},"share_on_mastodon":{"url":"https:\/\/pubeurope.com\/@se\/115510483546702438","error":""},"_links":{"self":[{"href":"https:\/\/www.europesays.com\/se\/wp-json\/wp\/v2\/posts\/75028","targetHints":{"allow":["GET"]}}],"collection":[{"href":"https:\/\/www.europesays.com\/se\/wp-json\/wp\/v2\/posts"}],"about":[{"href":"https:\/\/www.europesays.com\/se\/wp-json\/wp\/v2\/types\/post"}],"author":[{"embeddable":true,"href":"https:\/\/www.europesays.com\/se\/wp-json\/wp\/v2\/users\/2"}],"replies":[{"embeddable":true,"href":"https:\/\/www.europesays.com\/se\/wp-json\/wp\/v2\/comments?post=75028"}],"version-history":[{"count":0,"href":"https:\/\/www.europesays.com\/se\/wp-json\/wp\/v2\/posts\/75028\/revisions"}],"wp:featuredmedia":[{"embeddable":true,"href":"https:\/\/www.europesays.com\/se\/wp-json\/wp\/v2\/media\/75029"}],"wp:attachment":[{"href":"https:\/\/www.europesays.com\/se\/wp-json\/wp\/v2\/media?parent=75028"}],"wp:term":[{"taxonomy":"category","embeddable":true,"href":"https:\/\/www.europesays.com\/se\/wp-json\/wp\/v2\/categories?post=75028"},{"taxonomy":"post_tag","embeddable":true,"href":"https:\/\/www.europesays.com\/se\/wp-json\/wp\/v2\/tags?post=75028"}],"curies":[{"name":"wp","href":"https:\/\/api.w.org\/{rel}","templated":true}]}}