{"id":75037,"date":"2025-11-07T21:23:08","date_gmt":"2025-11-07T21:23:08","guid":{"rendered":"https:\/\/www.europesays.com\/se\/75037\/"},"modified":"2025-11-07T21:23:08","modified_gmt":"2025-11-07T21:23:08","slug":"brandsta-city-slackers-klara-for-mello-2026","status":"publish","type":"post","link":"https:\/\/www.europesays.com\/se\/75037\/","title":{"rendered":"Brandsta city sl\u00e4ckers klara f\u00f6r Mello 2026"},"content":{"rendered":"<p>Det blir hett i Melodifestivalen 2026!<\/p>\n<p>Brandsta city sl\u00e4ckers g\u00f6r comeback i Mello \u2013 \u00f6ver 20 \u00e5r sedan de t\u00e4vlade sist.<\/p>\n<p><img   alt=\"\"\/><\/p>\n<p>Brandsta City Sl\u00e4ckers som mellanakt i Mello 2025<\/p>\n<p>Foto: Bj\u00f6rn Larsson Rosvall\/TT NYHETSBYR\u00c5N<\/p>\n<p>\u00d6ppna bild i helsk\u00e4rm<\/p>\n<p>Brandsta city sl\u00e4ckers d\u00f6k upp i \u00e5rets Melodifestival d\u00e4r de dansade p\u00e5 scen ihop med programledaren Edvin T\u00f6rnblom i hans hyllade shownummer.<\/p>\n<p>Nu st\u00e5r det klart att de dyker upp i Mello \u00e4ven n\u00e4sta \u00e5r \u2013 denna g\u00e5ng som t\u00e4vlande, enligt Expressens uppgifter.<\/p>\n<p>Gruppen bildades 1994 och alla bandmedlemmar f\u00f6rutom en \u00e4r brandm\u00e4n, d\u00e4rav namnet.<\/p>\n<p>Bandet deltog i <a href=\"https:\/\/www.expressen.se\/tagg\/organization\/melodifestivalen\/\" class=\"\" rel=\"nofollow noopener\" target=\"_blank\">Melodifestivalen<\/a> f\u00f6rsta g\u00e5ngen 2002 med l\u00e5ten \u201dKom och ta mig\u201d, vilket skapade rabalder. Barbados-s\u00e5ngaren Magnus Carlsson kallade dem f\u00f6r \u201dpajasar och ett h\u00e5n mot schlagern\u201d, men de f\u00f6rsonades sedan.<\/p>\n<p>Nu g\u00f6r brandm\u00e4nnen bland andra Sanna Nielsen, Robin Bengtsson och Medina, s\u00e4llskap i n\u00e4sta \u00e5rs t\u00e4vling.<\/p>\n<p>DE T\u00c4VLAR I MELLO 2026<\/p>\n<p>Enligt Expressens uppgifter \u00e4r de h\u00e4r artisterna helt klara:<\/p>\n<p>Felicia (tidigare k\u00e4nd som Fr\u00f6ken Snusk)<\/p>\n<p>Greczula<\/p>\n<p>Manoel \u201dJunior\u201d Marques Lerin<\/p>\n<p>Medina<\/p>\n<p>Robin Bengtsson<\/p>\n<p>Emilia Pantic<\/p>\n<p>Sanna Nielsen<\/p>\n<p>Felix Manu<\/p>\n<p>Noll2<\/p>\n<p>Brandsta city sl\u00e4ckers<\/p>\n<p>Aftonbladet har ocks\u00e5 rapporterat att Meira Omar, Saga Ludvigsson, Arwin och Smash into pieces \u00e4r klara f\u00f6r t\u00e4vlingen, n\u00e5got som \u00e4ven Expressen har uppgifter om.<\/p>\n<p>Vidare har tidningen skrivit att \u00e4ven Eva Jumatate \u00e4r klar f\u00f6r t\u00e4vlingen.<\/p>\n<p>Visa merS\u00c5 JOBBAR VI MED ANONYMA K\u00c4LLOR<\/p>\n<p>Den h\u00e4r artikeln bygger p\u00e5 anonyma k\u00e4llor. Expressen str\u00e4var alltid efter f\u00f6rstahandsuppgifter och vet identiteten p\u00e5 de som l\u00e4mnar information.<\/p>\n<p>Information bel\u00e4ggs i normalfallet med ett flertal k\u00e4llor.<\/p>\n<p>Personer som pratar med oss och vill vara anonyma har grundlagsskyddat k\u00e4llskydd.<\/p>\n<p>Visa mer<\/p>\n","protected":false},"excerpt":{"rendered":"Det blir hett i Melodifestivalen 2026! Brandsta city sl\u00e4ckers g\u00f6r comeback i Mello \u2013 \u00f6ver 20 \u00e5r sedan&hellip;\n","protected":false},"author":2,"featured_media":75038,"comment_status":"","ping_status":"","sticky":false,"template":"","format":"standard","meta":{"footnotes":""},"categories":[67],"tags":[104,5140,3055,34,3551,31,33,32,30,402,105],"class_list":{"0":"post-75037","1":"post","2":"type-post","3":"status-publish","4":"format-standard","5":"has-post-thumbnail","7":"category-underhallning","8":"tag-entertainment","9":"tag-newsstory-melodifestivalen-2026","10":"tag-organization-melodifestivalen","11":"tag-se","12":"tag-sections-melodifestivalen","13":"tag-svenska","14":"tag-sverige","15":"tag-sweden","16":"tag-swedish","17":"tag-topic-artister","18":"tag-underhallning"},"share_on_mastodon":{"url":"https:\/\/pubeurope.com\/@se\/115510523029407818","error":""},"_links":{"self":[{"href":"https:\/\/www.europesays.com\/se\/wp-json\/wp\/v2\/posts\/75037","targetHints":{"allow":["GET"]}}],"collection":[{"href":"https:\/\/www.europesays.com\/se\/wp-json\/wp\/v2\/posts"}],"about":[{"href":"https:\/\/www.europesays.com\/se\/wp-json\/wp\/v2\/types\/post"}],"author":[{"embeddable":true,"href":"https:\/\/www.europesays.com\/se\/wp-json\/wp\/v2\/users\/2"}],"replies":[{"embeddable":true,"href":"https:\/\/www.europesays.com\/se\/wp-json\/wp\/v2\/comments?post=75037"}],"version-history":[{"count":0,"href":"https:\/\/www.europesays.com\/se\/wp-json\/wp\/v2\/posts\/75037\/revisions"}],"wp:featuredmedia":[{"embeddable":true,"href":"https:\/\/www.europesays.com\/se\/wp-json\/wp\/v2\/media\/75038"}],"wp:attachment":[{"href":"https:\/\/www.europesays.com\/se\/wp-json\/wp\/v2\/media?parent=75037"}],"wp:term":[{"taxonomy":"category","embeddable":true,"href":"https:\/\/www.europesays.com\/se\/wp-json\/wp\/v2\/categories?post=75037"},{"taxonomy":"post_tag","embeddable":true,"href":"https:\/\/www.europesays.com\/se\/wp-json\/wp\/v2\/tags?post=75037"}],"curies":[{"name":"wp","href":"https:\/\/api.w.org\/{rel}","templated":true}]}}